{"id":380786,"date":"2025-09-10T17:37:11","date_gmt":"2025-09-10T17:37:11","guid":{"rendered":"https:\/\/www.europesays.com\/fr\/380786\/"},"modified":"2025-09-10T17:37:11","modified_gmt":"2025-09-10T17:37:11","slug":"a-marseille-le-conflit-israelo-palestinien-sinvite-dans-le-blocage-du-10-septembre","status":"publish","type":"post","link":"https:\/\/www.europesays.com\/fr\/380786\/","title":{"rendered":"\u00e0 Marseille, le conflit isra\u00e9lo-palestinien s\u2019invite dans le blocage du 10\u00a0septembre"},"content":{"rendered":"<p><strong>REPORTAGE &#8211; <\/strong>\u00c0 Marseille, le conflit isra\u00e9lo-palestinien s\u2019est invit\u00e9 dans les actions du mouvement du 10\u00a0septembre, avec un blocage continu de la soci\u00e9t\u00e9 d\u2019armement Eurolinks, vis\u00e9e par une plainte pour complicit\u00e9 pr\u00e9sum\u00e9e de crimes de guerre, car elle fournit des composants militaires \u00e0 une entreprise d\u2019armement isra\u00e9lienne.<\/p>\n<p class=\"fig-paragraph\">Sur un transformateur \u00e9lectrique, \u00e0 c\u00f4t\u00e9 du portail de l\u2019usine\u00a0<a href=\"http:\/\/www.lefigaro.fr\/marseille\/marseille-deux-nouveaux-conteneurs-de-composants-militaires-en-partance-pour-israel-bloques-par-les-dockers-20250605\" data-fig-type=\"NewsFlash\" data-gtm-custom-categorie=\"navigation\" data-gtm-custom-action=\"crossclick\" data-gtm-custom-label=\"Contextuel\" data-gtm-event=\"customEventSPE\" data-fig-domain=\"LEFIGARO\" target=\"_blank\" rel=\"noopener\">Eurolinks<\/a>, un drapeau palestinien flotte au gr\u00e9 du mistral qui souffle sur les quartiers nord de Marseille. Sur le toit de la b\u00e2tisse, plusieurs manifestants, jeunes, le visage masqu\u00e9 et portant parfois le keffieh, semblent monter la garde, assis sur des chaises de camping. D\u2019autres, encagoul\u00e9s, occupent le terrain devant les grilles, entour\u00e9s de drapeaux palestiniens. \u00ab\u00a0Isra\u00ebl assassine les enfants de Palestine\u00a0! Eurolinks assassine les enfants de\u00a0<a href=\"http:\/\/www.lefigaro.fr\/international\/avertissements-menaces-le-bras-de-fer-s-intensifie-entre-israel-et-la-france-avant-une-reconnaissance-de-la-palestine-20250908\" data-fig-type=\"Article\" data-gtm-custom-categorie=\"navigation\" data-gtm-custom-action=\"crossclick\" data-gtm-custom-label=\"Contextuel\" data-gtm-event=\"customEventSPE\" data-fig-domain=\"LEFIGARO\" target=\"_blank\" rel=\"noopener\">Palestine<\/a> \u00a0\u00bb, scande de temps \u00e0 autre la foule, r\u00e9guli\u00e8rement encourag\u00e9e par les klaxons des voitures qui passent devant eux.<\/p>\n<p class=\"fig-paragraph\">Depuis l\u2019aube, comme partout en France, les<a href=\"http:\/\/www.lefigaro.fr\/actualite-france\/bus-incendie-rocade-bloquee-le-recit-du-10-septembre-a-rennes-c-est-le-chaos-complet-20250910\" data-fig-type=\"Article\" data-gtm-custom-categorie=\"navigation\" data-gtm-custom-action=\"crossclick\" data-gtm-custom-label=\"Contextuel\" data-gtm-event=\"customEventSPE\" data-fig-domain=\"LEFIGARO\" target=\"_blank\" rel=\"noopener\">\u00a0manifestants du 10\u00a0septembre<\/a>\u00a0ont tent\u00e9 de bloquer plusieurs sites strat\u00e9giques de la Cit\u00e9 phoc\u00e9enne, mais ont \u00e9t\u00e9 syst\u00e9matiquement d\u00e9log\u00e9s par un \u00ab\u00a0dispositif policier agile\u00a0\u00bb, selon les mots de la pr\u00e9f\u00e8te de police des Bouches-du-Rh\u00f4ne, Corinne Simon. Toutefois, \u00e0 la fin de la journ\u00e9e, le blocage de\u2026<\/p>\n<p class=\"fig-premium-paywall__infos\">\n        Cet article est r\u00e9serv\u00e9 aux abonn\u00e9s.        Il vous reste 76% \u00e0 d\u00e9couvrir.\n    <\/p>\n<p>                <img  data- alt=\"Le Figaro\" class=\"fig-img--complete fig-img\"\/><\/p>\n<p class=\"fig-premium-paywall__title\">Vous avez envie de lire la suite ?<\/p>\n<p class=\"fig-premium-paywall__subtitle\">D\u00e9bloquez tous les articles imm\u00e9diatement.<\/p>\n<p class=\"fig-premium-paywall__connect\">\n                D\u00e9j\u00e0 abonn\u00e9\u00a0?                <a class=\"fig-premium-paywall__connect-link\" href=\"https:\/\/connect.lefigaro.fr\/login?client=horizon_web&amp;type=main&amp;redirect_uri=https%3A%2F%2Fwww.lefigaro.fr%2Fmarseille%2Feurolinks-assassine-les-enfants-de-palestine-a-marseille-le-conflit-israelo-palestinien-s-invite-dans-le-blocage-du-10-septembre-20250910\" data-js-gtm=\"{&quot;customCategorie&quot;: &quot;conversion&quot;, &quot;customAction&quot;: &quot;before_Landing_Connexion_paywall_auto&quot;, &quot;customLabel&quot;: &quot;bGVmaWdhcm8uZnJfXzFmMDhlNTgzLWEyMGQtNjc3Mi04YzdjLWIxMzY1ZDczYmE5Ml9fTmV3c0ZsYXNo_\u00abEurolinks assassine les enfants de Palestine\u00bb\u00a0: \u00e0 Marseille, le conflit isra\u00e9lo-palestinien s\u2019invite dans le blocage du 10\u00a0septembre_349&quot;, &quot;customIDSPE&quot;: &quot;bGVmaWdhcm8uZnJfXzFmMDhlNTgzLWEyMGQtNjc3Mi04YzdjLWIxMzY1ZDczYmE5Ml9fTmV3c0ZsYXNo&quot;, &quot;event&quot;: &quot;customEventSPE&quot;}\" target=\"_blank\" rel=\"noopener\"><br \/>\n                    Connectez-vous<br \/>\n                <\/a>\n            <\/p>\n","protected":false},"excerpt":{"rendered":"REPORTAGE &#8211; \u00c0 Marseille, le conflit isra\u00e9lo-palestinien s\u2019est invit\u00e9 dans les actions du mouvement du 10\u00a0septembre, avec un&hellip;\n","protected":false},"author":2,"featured_media":380787,"comment_status":"","ping_status":"","sticky":false,"template":"","format":"standard","meta":{"footnotes":""},"categories":[2814],"tags":[1111,11,7551,3259,1777,674,1011,27,664,884,12,3518,882,25],"class_list":{"0":"post-380786","1":"post","2":"type-post","3":"status-publish","4":"format-standard","5":"has-post-thumbnail","7":"category-marseille","8":"tag-actu","9":"tag-actualites","10":"tag-blocage","11":"tag-conflit-israelo-palestinien","12":"tag-eu","13":"tag-europe","14":"tag-fr","15":"tag-france","16":"tag-israel","17":"tag-marseille","18":"tag-news","19":"tag-palestine","20":"tag-provence-alpes-cote-dazur","21":"tag-republique-francaise"},"share_on_mastodon":{"url":"https:\/\/pubeurope.com\/@fr\/115181220274717887","error":""},"_links":{"self":[{"href":"https:\/\/www.europesays.com\/fr\/wp-json\/wp\/v2\/posts\/380786","targetHints":{"allow":["GET"]}}],"collection":[{"href":"https:\/\/www.europesays.com\/fr\/wp-json\/wp\/v2\/posts"}],"about":[{"href":"https:\/\/www.europesays.com\/fr\/wp-json\/wp\/v2\/types\/post"}],"author":[{"embeddable":true,"href":"https:\/\/www.europesays.com\/fr\/wp-json\/wp\/v2\/users\/2"}],"replies":[{"embeddable":true,"href":"https:\/\/www.europesays.com\/fr\/wp-json\/wp\/v2\/comments?post=380786"}],"version-history":[{"count":0,"href":"https:\/\/www.europesays.com\/fr\/wp-json\/wp\/v2\/posts\/380786\/revisions"}],"wp:featuredmedia":[{"embeddable":true,"href":"https:\/\/www.europesays.com\/fr\/wp-json\/wp\/v2\/media\/380787"}],"wp:attachment":[{"href":"https:\/\/www.europesays.com\/fr\/wp-json\/wp\/v2\/media?parent=380786"}],"wp:term":[{"taxonomy":"category","embeddable":true,"href":"https:\/\/www.europesays.com\/fr\/wp-json\/wp\/v2\/categories?post=380786"},{"taxonomy":"post_tag","embeddable":true,"href":"https:\/\/www.europesays.com\/fr\/wp-json\/wp\/v2\/tags?post=380786"}],"curies":[{"name":"wp","href":"https:\/\/api.w.org\/{rel}","templated":true}]}}