{"id":380790,"date":"2025-09-10T17:39:17","date_gmt":"2025-09-10T17:39:17","guid":{"rendered":"https:\/\/www.europesays.com\/fr\/380790\/"},"modified":"2025-09-10T17:39:17","modified_gmt":"2025-09-10T17:39:17","slug":"lyon-1er-le-cafe-theatre-le-shalala-ne-change-pas-une-formule-qui-gagne","status":"publish","type":"post","link":"https:\/\/www.europesays.com\/fr\/380790\/","title":{"rendered":"Lyon 1er. Le caf\u00e9-th\u00e9\u00e2tre Le Shalala ne change pas une formule qui gagne"},"content":{"rendered":"<p>\u00ab\u00a0On prend les m\u00eames et on recommence\u00a0\u00bb semble \u00eatre la devise de l\u2019\u00e9quipe du bar spectacle Le Shalala (Mont\u00e9e de la grande c\u00f4te, Lyon 1er) en ce mois de septembre.<\/p>\n<p>Isabelle, Lo\u00eec, Ergys, Bastien, Carole, Renaud, Yves, H\u00e9lo\u00efse\u2026 et Maxence sont toujours pr\u00e9sents, avec le sourire et l\u2019envie de proposer un lieu et une formule unique au monde du caf\u00e9-th\u00e9\u00e2tre lyonnais.<\/p>\n<p>Les neuf membres de la troupe qui organise, \u00e9crit les productions maison et g\u00e8re le lieu depuis 2016, abordent la&#8230;<\/p>\n","protected":false},"excerpt":{"rendered":"\u00ab\u00a0On prend les m\u00eames et on recommence\u00a0\u00bb semble \u00eatre la devise de l\u2019\u00e9quipe du bar spectacle Le Shalala&hellip;\n","protected":false},"author":2,"featured_media":380791,"comment_status":"","ping_status":"","sticky":false,"template":"","format":"standard","meta":{"footnotes":""},"categories":[1889],"tags":[1111,11,2430,1687,2757,1777,674,1011,27,2428,7789,2801,12,25,3140],"class_list":{"0":"post-380790","1":"post","2":"type-post","3":"status-publish","4":"format-standard","5":"has-post-thumbnail","7":"category-lyon","8":"tag-actu","9":"tag-actualites","10":"tag-auvergne-rhone-alpes","11":"tag-culture-loisirs","12":"tag-edition-lyon-villeurbanne","13":"tag-eu","14":"tag-europe","15":"tag-fr","16":"tag-france","17":"tag-lyon","18":"tag-lyon-1er","19":"tag-lyon-1er-arrondissement","20":"tag-news","21":"tag-republique-francaise","22":"tag-spectacle"},"share_on_mastodon":{"url":"https:\/\/pubeurope.com\/@fr\/115181228084827096","error":""},"_links":{"self":[{"href":"https:\/\/www.europesays.com\/fr\/wp-json\/wp\/v2\/posts\/380790","targetHints":{"allow":["GET"]}}],"collection":[{"href":"https:\/\/www.europesays.com\/fr\/wp-json\/wp\/v2\/posts"}],"about":[{"href":"https:\/\/www.europesays.com\/fr\/wp-json\/wp\/v2\/types\/post"}],"author":[{"embeddable":true,"href":"https:\/\/www.europesays.com\/fr\/wp-json\/wp\/v2\/users\/2"}],"replies":[{"embeddable":true,"href":"https:\/\/www.europesays.com\/fr\/wp-json\/wp\/v2\/comments?post=380790"}],"version-history":[{"count":0,"href":"https:\/\/www.europesays.com\/fr\/wp-json\/wp\/v2\/posts\/380790\/revisions"}],"wp:featuredmedia":[{"embeddable":true,"href":"https:\/\/www.europesays.com\/fr\/wp-json\/wp\/v2\/media\/380791"}],"wp:attachment":[{"href":"https:\/\/www.europesays.com\/fr\/wp-json\/wp\/v2\/media?parent=380790"}],"wp:term":[{"taxonomy":"category","embeddable":true,"href":"https:\/\/www.europesays.com\/fr\/wp-json\/wp\/v2\/categories?post=380790"},{"taxonomy":"post_tag","embeddable":true,"href":"https:\/\/www.europesays.com\/fr\/wp-json\/wp\/v2\/tags?post=380790"}],"curies":[{"name":"wp","href":"https:\/\/api.w.org\/{rel}","templated":true}]}}