{"id":380792,"date":"2025-09-10T17:41:12","date_gmt":"2025-09-10T17:41:12","guid":{"rendered":"https:\/\/www.europesays.com\/fr\/380792\/"},"modified":"2025-09-10T17:41:12","modified_gmt":"2025-09-10T17:41:12","slug":"les-tetes-de-cochon-retrouvees-devant-des-mosquees-ont-ete-deposees-par-des-etrangers-ayant-aussitot-quitte-le-territoire","status":"publish","type":"post","link":"https:\/\/www.europesays.com\/fr\/380792\/","title":{"rendered":"Les t\u00eates de cochon retrouv\u00e9es devant des mosqu\u00e9es ont \u00e9t\u00e9 d\u00e9pos\u00e9es par des \u00e9trangers ayant \u00ab\u00a0aussit\u00f4t quitt\u00e9 le territoire\u00a0\u00bb"},"content":{"rendered":"<p class=\"paragraph text_align_left lp-f-body-02\">On en sait plus. Au lendemain de <a href=\"https:\/\/www.leparisien.fr\/faits-divers\/des-tetes-de-cochon-retrouvees-devant-des-mosquees-a-paris-et-montreuil-une-enquete-ouverte-09-09-2025-7RT7XZHINBCTFMSK2FMTJFMLWM.php\" target=\"_blank\" rel=\"noreferrer nofollow noopener\">la d\u00e9couverte d\u2019au moins neuf t\u00eates de cochon devant des mosqu\u00e9es en \u00cele-de-France<\/a>, le parquet de Paris indique ce mercredi qu\u2019elles ont \u00ab \u00e9t\u00e9 (d\u00e9pos\u00e9es) par des personnes de nationalit\u00e9 \u00e9trang\u00e8re qui ont aussit\u00f4t quitt\u00e9 le territoire, et dans une volont\u00e9 manifeste de provoquer le trouble au sein de la nation \u00bb.<\/p>\n<p class=\"paragraph text_align_left lp-f-body-02\">Un agriculteur normand a notamment indiqu\u00e9 <a href=\"https:\/\/www.leparisien.fr\/val-de-marne-94\/ces-evenements-sont-graves-emoi-a-gentilly-apres-la-decouverte-dune-tete-de-cochon-devant-la-mosquee-10-09-2025-NQ43BM2YW5HVPODC3UYAPVCSPU.php\" target=\"_blank\" rel=\"noreferrer nofollow noopener\">avoir vendu \u00e0 dix t\u00eates de cochon \u00e0 deux hommes<\/a> dont le v\u00e9hicule \u00e9tait immatricul\u00e9 en Serbie. \u00ab Les recherches en mati\u00e8re de vid\u00e9oprotection ont \u00e9tabli que c\u2019est avec ce m\u00eame v\u00e9hicule que ces personnes sont arriv\u00e9es \u00e0 Paris, pr\u00e8s d\u2019Oberkampf, dans la nuit de lundi 8 \u00e0 mardi 9 septembre \u00bb, indique le parquet dans un communiqu\u00e9, ce mercredi.<\/p>\n<p class=\"paragraph text_align_left lp-f-body-02\">Les images de vid\u00e9osurveillance, exploit\u00e9es par les enqu\u00eateurs, montrent \u00ab deux hommes d\u00e9poser les t\u00eates devant un certain nombre de mosqu\u00e9es \u00bb. Ils sont susceptibles, selon le parquet de Paris, \u00ab d\u2019avoir utilis\u00e9 une ligne de t\u00e9l\u00e9phone croate, dont le suivi atteste d\u2019un franchissement de la fronti\u00e8re franco-belge d\u00e8s le mardi matin, apr\u00e8s la commission des faits \u00bb.<\/p>\n<p>\u00ab Commis dans le but de servir les int\u00e9r\u00eats d\u2019une puissance \u00e9trang\u00e8re \u00bb<\/p>\n<p class=\"paragraph text_align_left lp-f-body-02\">Les enqu\u00eates se poursuivent sous les qualifications de \u00ab violences volontaires sans incapacit\u00e9 \u00e0 raison de l\u2019appartenance ou de la non-appartenance, vraie ou suppos\u00e9e, de la victime \u00e0 une ethnie, une nation, une pr\u00e9tendue race ou une religion d\u00e9termin\u00e9e commis dans le but de servir les int\u00e9r\u00eats d\u2019une puissance \u00e9trang\u00e8re ou d\u2019une entreprise ou d\u2019une organisation \u00e9trang\u00e8re ou sous contr\u00f4le \u00e9tranger \u00bb et \u00ab provocation publique \u00e0 la haine ou \u00e0 la violence en raison de l\u2019origine, l\u2019ethnie, la nation, la race ou la religion \u00bb.<\/p>\n<p class=\"lp-card-podcast-highlighting__title  lp-f-subtitle-05\">[2\/6] Jubillar\u00a0: de la disparition au proc\u00e8s, une affaire sans corps ni aveux<\/p>\n<p class=\"lp-card-podcast-highlighting__description lp-f-ui-05\">Crime story raconte chaque semaine les grandes affaires criminelles.<\/p>\n<p><a class=\"lp-card-podcast-highlighting__call-to-action\" data-page-type=\"HP\" data-block-name=\"podcast-highlight\">\u00c9couter<\/a><\/p>\n<p class=\"paragraph text_align_left lp-f-body-02\">Ces t\u00eates de porc, animal consid\u00e9r\u00e9 comme impur par l\u2019islam, avaient notamment \u00e9t\u00e9 d\u00e9couvertes mardi matin sur la voie publique \u00e0 Paris \u2014 devant des mosqu\u00e9es des XVe, XVIIIe et XXe arrondissement \u2014, devant l\u2019entr\u00e9e de la mosqu\u00e9e Islah \u00e0 Montreuil (Seine-Saint-Denis), ainsi qu\u2019\u00e0 Montrouge, Malakoff (Hauts-de-Seine) et <a href=\"https:\/\/www.leparisien.fr\/val-de-marne-94\/ces-evenements-sont-graves-emoi-a-gentilly-apres-la-decouverte-dune-tete-de-cochon-devant-la-mosquee-10-09-2025-NQ43BM2YW5HVPODC3UYAPVCSPU.php\" target=\"_blank\" rel=\"noreferrer nofollow noopener\">Gentilly (Val-de-Marne)<\/a>. \u00ab Macron \u00bb \u00e9tait inscrit sur l\u2019une de ces t\u00eates de cochon.<\/p>\n<p class=\"paragraph text_align_left lp-f-body-02\">\u00ab On ne peut s\u2019emp\u00eacher de faire des rapprochements avec des actions pr\u00e9c\u00e9dentes (&#8230;) dont il a \u00e9t\u00e9 av\u00e9r\u00e9 que c\u2019\u00e9tait des actions d\u2019ing\u00e9rence \u00e9trang\u00e8re \u00bb, avait fait valoir d\u00e8s mardi le pr\u00e9fet de police, Laurent Nu\u00f1ez. Il faisait r\u00e9f\u00e9rence \u00e0 de pr\u00e9c\u00e9dentes affaires, attribu\u00e9es \u00e0 de possibles ing\u00e9rences \u00e9trang\u00e8res, dont les <a href=\"https:\/\/www.leparisien.fr\/faits-divers\/apres-des-etoiles-de-david-des-avions-de-chasse-en-forme-de-cercueil-sur-les-murs-de-paris-19-06-2024-Q2FSWSTW6BBHXP5QWQPG5A4C4U.php\" target=\"_blank\" rel=\"noreferrer nofollow noopener\">tags d\u2019\u00e9toiles de David dans Paris<\/a> \u00e0 l\u2019automne 2023 ou <a href=\"https:\/\/www.leparisien.fr\/paris-75\/paris-lhypothese-de-lingerence-russe-apres-les-tags-de-mains-rouges-au-memorial-de-la-shoah-21-05-2024-47MZPOQQPBDMFJJ4I7KAUYDWAM.php\" target=\"_blank\" rel=\"noreferrer nofollow noopener\">de mains rouges sur le M\u00e9morial de la Shoah en mai 2024<\/a>.<\/p>\n","protected":false},"excerpt":{"rendered":"On en sait plus. Au lendemain de la d\u00e9couverte d\u2019au moins neuf t\u00eates de cochon devant des mosqu\u00e9es&hellip;\n","protected":false},"author":2,"featured_media":380793,"comment_status":"","ping_status":"","sticky":false,"template":"","format":"standard","meta":{"footnotes":""},"categories":[1592],"tags":[1111,11,1777,674,118,1011,27,662,12,626,25],"class_list":{"0":"post-380792","1":"post","2":"type-post","3":"status-publish","4":"format-standard","5":"has-post-thumbnail","7":"category-ile-de-france","8":"tag-actu","9":"tag-actualites","10":"tag-eu","11":"tag-europe","12":"tag-faits-divers","13":"tag-fr","14":"tag-france","15":"tag-ile-de-france","16":"tag-news","17":"tag-paris","18":"tag-republique-francaise"},"share_on_mastodon":{"url":"https:\/\/pubeurope.com\/@fr\/115181236012310153","error":""},"_links":{"self":[{"href":"https:\/\/www.europesays.com\/fr\/wp-json\/wp\/v2\/posts\/380792","targetHints":{"allow":["GET"]}}],"collection":[{"href":"https:\/\/www.europesays.com\/fr\/wp-json\/wp\/v2\/posts"}],"about":[{"href":"https:\/\/www.europesays.com\/fr\/wp-json\/wp\/v2\/types\/post"}],"author":[{"embeddable":true,"href":"https:\/\/www.europesays.com\/fr\/wp-json\/wp\/v2\/users\/2"}],"replies":[{"embeddable":true,"href":"https:\/\/www.europesays.com\/fr\/wp-json\/wp\/v2\/comments?post=380792"}],"version-history":[{"count":0,"href":"https:\/\/www.europesays.com\/fr\/wp-json\/wp\/v2\/posts\/380792\/revisions"}],"wp:featuredmedia":[{"embeddable":true,"href":"https:\/\/www.europesays.com\/fr\/wp-json\/wp\/v2\/media\/380793"}],"wp:attachment":[{"href":"https:\/\/www.europesays.com\/fr\/wp-json\/wp\/v2\/media?parent=380792"}],"wp:term":[{"taxonomy":"category","embeddable":true,"href":"https:\/\/www.europesays.com\/fr\/wp-json\/wp\/v2\/categories?post=380792"},{"taxonomy":"post_tag","embeddable":true,"href":"https:\/\/www.europesays.com\/fr\/wp-json\/wp\/v2\/tags?post=380792"}],"curies":[{"name":"wp","href":"https:\/\/api.w.org\/{rel}","templated":true}]}}