{"id":380794,"date":"2025-09-10T17:42:09","date_gmt":"2025-09-10T17:42:09","guid":{"rendered":"https:\/\/www.europesays.com\/fr\/380794\/"},"modified":"2025-09-10T17:42:09","modified_gmt":"2025-09-10T17:42:09","slug":"de-nouvelles-perturbations-a-la-sncf-en-ile-de-france-ce-jeudi-les-previsions-de-circulation","status":"publish","type":"post","link":"https:\/\/www.europesays.com\/fr\/380794\/","title":{"rendered":"de nouvelles perturbations \u00e0 la SNCF en \u00cele-de-France ce jeudi, les pr\u00e9visions de circulation"},"content":{"rendered":"<p>            Par<br \/>\n        <strong><br \/>\n            <a href=\"https:\/\/actu.fr\/auteur\/dorinegoth\" title=\"Consulter tous les articles de Dorine Goth\" rel=\"nofollow noopener\" target=\"_blank\">Dorine Goth<\/a><br \/>\n        <\/strong><\/p>\n<p>        Publi\u00e9 le<\/p>\n<p>            10 sept. 2025 \u00e0 19h12        <\/p>\n<p>La mobilisation <a href=\"https:\/\/actu.fr\/tag\/bloquons-tout\" rel=\"nofollow noopener\" target=\"_blank\">Bloquons tout<\/a> se poursuit. Apr\u00e8s une premi\u00e8re journ\u00e9e de gr\u00e8ve et de manifestation en France, des perturbations sont de nouveau \u00e0 pr\u00e9voir sur le plan des transports jeudi 11 septembre 2025. \u00c0 Paris et en \u00cele-de-France,<strong> plusieurs lignes de <a href=\"https:\/\/actu.fr\/tag\/ratp\" rel=\"nofollow noopener\" target=\"_blank\">RER<\/a> et de <a href=\"https:\/\/actu.fr\/tag\/transilien\" rel=\"nofollow noopener\" target=\"_blank\">Transilien<\/a> <\/strong>seront fortement perturb\u00e9es. Du c\u00f4t\u00e9 du m\u00e9tro et de la <strong><a href=\"https:\/\/actu.fr\/tag\/ratp\" rel=\"nofollow noopener\" target=\"_blank\">RATP<\/a>,<\/strong> le trafic s\u2019annonce normal.<\/p>\n<p>De nombreuses perturbations sur le RER et Transilien<\/p>\n<p class=\" wall-content\">\u00c0 la\u00a0<strong><a href=\"https:\/\/actu.fr\/tag\/sncf\" rel=\"nofollow noopener\" target=\"_blank\">SNCF<\/a>,<\/strong> la circulation des trains et RER restera perturb\u00e9e sur certaines lignes en \u00cele-de-France. Voici les pr\u00e9visions d\u00e9taill\u00e9es\u2009:<\/p>\n<ul class=\" wall-content\">\n<li><strong>RER B<\/strong>\u2009: 1 train sur deux sur la partie nord et 2 trains sur 3 sur la partie sud<\/li>\n<li><strong>RER C<\/strong>\u2009: 1 train sur 2<\/li>\n<li><strong>RER D<\/strong>\u2009: 1 train sur 3 entre Creil et Corbeil-Essonnes \/ 1 train sur 2 entre Goussainville et Melun \/ 1 train sur 10 entre Juvisy et Corbeil-Essonnes \/ 1 train sur 5 entre Corbeil-Essonnes et Malesherbes \/ aucun train entre Corbeil-Essonnes et Melun, entre Malesherbes et Paris gare de Lyon et entre Juvisy et Melun<\/li>\n<li><strong>RER E<\/strong>\u2009: 2 trains sur 3<\/li>\n<li><strong>Ligne H<\/strong>\u2009: 1 train sur 3<\/li>\n<li><strong>Ligne J<\/strong>\u2009: 2 trains sur 3<\/li>\n<li><strong>Ligne K<\/strong>\u2009: 1 train sur 2<\/li>\n<li><strong>Ligne L<\/strong>\u2009: 2 trains sur 3<\/li>\n<li><strong>Ligne N<\/strong>\u2009: 1 train sur 2<\/li>\n<li><strong>Ligne R<\/strong>\u2009: 1 train sur 3 entre Gare de Lyon et Montereau \/ 1 train sur 3 entre Gare de Lyon et Montargis \/ 1 train sur 3 entre Melun et Montereau<\/li>\n<li><strong>Ligne P<\/strong>\u2009: 3 trains sur 4 entre Paris Est et Meaux et Provins \/ 2 trains sur 3 entre Meaux et la Fert\u00e9 Milon. Trafic normal sur l\u2019axe Coulommiers et Ch\u00e2teau Thierry.<\/li>\n<\/ul>\n<p class=\" wall-content\">Personnalisez votre actualit\u00e9 en ajoutant vos villes et m\u00e9dias en favori avec <a href=\"https:\/\/moncompte.actu.fr\" title=\"D\u00e9couvez Mon Actu\" rel=\"nofollow noopener\" data-trk=\"{&quot;cta&quot;:{&quot;action&quot;:&quot;https:\\\/\\\/moncompte.actu.fr&quot;,&quot;category&quot;:&quot;mon compte&quot;,&quot;from&quot;:&quot;article footer&quot;,&quot;name&quot;:&quot;Mon actu&quot;,&quot;type&quot;:&quot;cta&quot;}}\" target=\"_blank\">Mon Actu<\/a>.<\/p>\n","protected":false},"excerpt":{"rendered":"Par Dorine Goth Publi\u00e9 le 10 sept. 2025 \u00e0 19h12 La mobilisation Bloquons tout se poursuit. Apr\u00e8s une&hellip;\n","protected":false},"author":2,"featured_media":178659,"comment_status":"","ping_status":"","sticky":false,"template":"","format":"standard","meta":{"footnotes":""},"categories":[1888],"tags":[1111,1928,11,1927,47212,1777,674,1011,27,12,1926,626,1925,25,2215,104],"class_list":{"0":"post-380794","1":"post","2":"type-post","3":"status-publish","4":"format-standard","5":"has-post-thumbnail","7":"category-paris","8":"tag-actu","9":"tag-actu-paris","10":"tag-actualites","11":"tag-actualites-paris","12":"tag-bloquons-tout","13":"tag-eu","14":"tag-europe","15":"tag-fr","16":"tag-france","17":"tag-news","18":"tag-news-paris","19":"tag-paris","20":"tag-paris-news","21":"tag-republique-francaise","22":"tag-sncf","23":"tag-societe"},"share_on_mastodon":{"url":"https:\/\/pubeurope.com\/@fr\/115181239978165660","error":""},"_links":{"self":[{"href":"https:\/\/www.europesays.com\/fr\/wp-json\/wp\/v2\/posts\/380794","targetHints":{"allow":["GET"]}}],"collection":[{"href":"https:\/\/www.europesays.com\/fr\/wp-json\/wp\/v2\/posts"}],"about":[{"href":"https:\/\/www.europesays.com\/fr\/wp-json\/wp\/v2\/types\/post"}],"author":[{"embeddable":true,"href":"https:\/\/www.europesays.com\/fr\/wp-json\/wp\/v2\/users\/2"}],"replies":[{"embeddable":true,"href":"https:\/\/www.europesays.com\/fr\/wp-json\/wp\/v2\/comments?post=380794"}],"version-history":[{"count":0,"href":"https:\/\/www.europesays.com\/fr\/wp-json\/wp\/v2\/posts\/380794\/revisions"}],"wp:featuredmedia":[{"embeddable":true,"href":"https:\/\/www.europesays.com\/fr\/wp-json\/wp\/v2\/media\/178659"}],"wp:attachment":[{"href":"https:\/\/www.europesays.com\/fr\/wp-json\/wp\/v2\/media?parent=380794"}],"wp:term":[{"taxonomy":"category","embeddable":true,"href":"https:\/\/www.europesays.com\/fr\/wp-json\/wp\/v2\/categories?post=380794"},{"taxonomy":"post_tag","embeddable":true,"href":"https:\/\/www.europesays.com\/fr\/wp-json\/wp\/v2\/tags?post=380794"}],"curies":[{"name":"wp","href":"https:\/\/api.w.org\/{rel}","templated":true}]}}