{"id":380795,"date":"2025-09-10T17:43:10","date_gmt":"2025-09-10T17:43:10","guid":{"rendered":"https:\/\/www.europesays.com\/fr\/380795\/"},"modified":"2025-09-10T17:43:10","modified_gmt":"2025-09-10T17:43:10","slug":"la-facade-dun-immeuble-prend-feu-place-du-chatelet-a-paris","status":"publish","type":"post","link":"https:\/\/www.europesays.com\/fr\/380795\/","title":{"rendered":"la fa\u00e7ade d\u2019un immeuble prend feu place du Ch\u00e2telet \u00e0 Paris"},"content":{"rendered":"<p class=\"mb-4 text-lg md:leading-8 break-words\">Un incendie a endommag\u00e9 la fa\u00e7ade d\u2019un immeuble dans le centre de Paris mercredi apr\u00e8s-midi, alors que des manifestants faisaient face \u00e0 des policiers dans le cadre de la mobilisation \u00ab\u00a0Bloquons tout\u00a0\u00bb, avant d\u2019\u00eatre rapidement ma\u00eetris\u00e9 par les pompiers, ont constat\u00e9 des journalistes de l\u2019AFP.<\/p>\n<p class=\"mb-4 text-lg md:leading-8 break-words\">\u00c0 lire aussi <a href=\"https:\/\/www.parismatch.com\/actu\/societe\/en-images-en-france-le-mouvement-bloquons-tout-a-deja-demarre-par-de-premieres-interpellations-256815\" rel=\"nofollow noopener\" target=\"_blank\" data-ylk=\"slk:En images\u00a0: en France, le mouvement \u00ab\u00a0Bloquons tout\u00a0\u00bb a d\u00e9j\u00e0 d\u00e9marr\u00e9 par de premi\u00e8res interpellations;elm:context_link;itc:0;sec:content-canvas\" class=\"link \">En images\u00a0: en France, le mouvement \u00ab\u00a0Bloquons tout\u00a0\u00bb a d\u00e9j\u00e0 d\u00e9marr\u00e9 par de premi\u00e8res interpellations <\/a><\/p>\n<p class=\"mb-4 text-lg md:leading-8 break-words\">Un important panache de fum\u00e9e s\u2019\u00e9levait peu apr\u00e8s 16\u00a0h\u00a000 d\u2019une fa\u00e7ade d\u2019un immeuble l\u00e9ch\u00e9e par des flammes pr\u00e8s de la place du Ch\u00e2telet, et des pompiers s\u2019affairaient pour \u00e9teindre le feu pendant que les forces de l\u2019ordre \u00e9vacuaient les alentours, selon des images film\u00e9es par l\u2019AFP.<\/p>\n<p>L&rsquo;incendie ma\u00eetris\u00e9<\/p>\n<p class=\"mb-4 text-lg md:leading-8 break-words\">L\u2019incendie s\u2019est d\u00e9clar\u00e9 \u00e0 l\u2019int\u00e9rieur d\u2019un restaurant avant d\u2019atteindre une fa\u00e7ade v\u00e9g\u00e9talis\u00e9e qui est partie en fum\u00e9e. Des policiers ont d\u2019abord tent\u00e9 d\u2019\u00e9teindre les flammes dans le restaurant \u00e0 l\u2019aide d\u2019extincteurs r\u00e9cup\u00e9r\u00e9s chez des voisins, sans succ\u00e8s, selon des journalistes de l\u2019AFP.<\/p>\n<p class=\"mb-4 text-lg md:leading-8 break-words\">Des sapeurs-pompiers sont intervenus quelques minutes apr\u00e8s et ont rapidement ma\u00eetris\u00e9 l\u2019incendie.<\/p>\n<p class=\"mb-4 text-lg md:leading-8 break-words\">Des manifestants ont scand\u00e9 \u00ab\u00a0bravo la police\u00a0!\u00a0\u00bb, selon des images film\u00e9es par l\u2019AFP, et ont accus\u00e9 les forces de l\u2019ordre d\u2019avoir lanc\u00e9 une grenade de gaz lacrymog\u00e8ne en direction du restaurant apr\u00e8s une charge polici\u00e8re.<\/p>\n<p class=\"mb-4 text-lg md:leading-8 break-words\"><a href=\"https:\/\/www.parismatch.com\/actu\/societe\/bloquons-tout-la-facade-dun-immeuble-prend-feu-place-du-chatelet-a-paris-256861?at_medium=affiliate&amp;at_campaign=Yahoo\" rel=\"nofollow noopener\" target=\"_blank\" data-ylk=\"slk:Retrouvez cet article sur ParisMatch;elm:context_link;itc:0;sec:content-canvas\" class=\"link \">Retrouvez cet article sur ParisMatch<\/a><\/p>\n","protected":false},"excerpt":{"rendered":"Un incendie a endommag\u00e9 la fa\u00e7ade d\u2019un immeuble dans le centre de Paris mercredi apr\u00e8s-midi, alors que des&hellip;\n","protected":false},"author":2,"featured_media":380796,"comment_status":"","ping_status":"","sticky":false,"template":"","format":"standard","meta":{"footnotes":""},"categories":[1888],"tags":[1111,1928,11,1927,1777,674,4816,3160,1011,27,5480,51404,12,1926,626,1925,51405,25],"class_list":{"0":"post-380795","1":"post","2":"type-post","3":"status-publish","4":"format-standard","5":"has-post-thumbnail","7":"category-paris","8":"tag-actu","9":"tag-actu-paris","10":"tag-actualites","11":"tag-actualites-paris","12":"tag-eu","13":"tag-europe","14":"tag-facade","15":"tag-forces-de-lordre","16":"tag-fr","17":"tag-france","18":"tag-immeuble","19":"tag-lincendie-2","20":"tag-news","21":"tag-news-paris","22":"tag-paris","23":"tag-paris-news","24":"tag-place-du-chatelet","25":"tag-republique-francaise"},"share_on_mastodon":{"url":"https:\/\/pubeurope.com\/@fr\/115181243914617373","error":""},"_links":{"self":[{"href":"https:\/\/www.europesays.com\/fr\/wp-json\/wp\/v2\/posts\/380795","targetHints":{"allow":["GET"]}}],"collection":[{"href":"https:\/\/www.europesays.com\/fr\/wp-json\/wp\/v2\/posts"}],"about":[{"href":"https:\/\/www.europesays.com\/fr\/wp-json\/wp\/v2\/types\/post"}],"author":[{"embeddable":true,"href":"https:\/\/www.europesays.com\/fr\/wp-json\/wp\/v2\/users\/2"}],"replies":[{"embeddable":true,"href":"https:\/\/www.europesays.com\/fr\/wp-json\/wp\/v2\/comments?post=380795"}],"version-history":[{"count":0,"href":"https:\/\/www.europesays.com\/fr\/wp-json\/wp\/v2\/posts\/380795\/revisions"}],"wp:featuredmedia":[{"embeddable":true,"href":"https:\/\/www.europesays.com\/fr\/wp-json\/wp\/v2\/media\/380796"}],"wp:attachment":[{"href":"https:\/\/www.europesays.com\/fr\/wp-json\/wp\/v2\/media?parent=380795"}],"wp:term":[{"taxonomy":"category","embeddable":true,"href":"https:\/\/www.europesays.com\/fr\/wp-json\/wp\/v2\/categories?post=380795"},{"taxonomy":"post_tag","embeddable":true,"href":"https:\/\/www.europesays.com\/fr\/wp-json\/wp\/v2\/tags?post=380795"}],"curies":[{"name":"wp","href":"https:\/\/api.w.org\/{rel}","templated":true}]}}