{"id":380799,"date":"2025-09-10T17:45:21","date_gmt":"2025-09-10T17:45:21","guid":{"rendered":"https:\/\/www.europesays.com\/fr\/380799\/"},"modified":"2025-09-10T17:45:21","modified_gmt":"2025-09-10T17:45:21","slug":"robin-de-bfm-au-coeur-de-la-mobilisation-bloquons-tout-a-paris-actualites","status":"publish","type":"post","link":"https:\/\/www.europesays.com\/fr\/380799\/","title":{"rendered":"ROBIN DE BFM &#8211; Au c\u0153ur de la mobilisation \u00ab\u00a0Bloquons tout\u00a0\u00bb \u00e0 Paris : Actualit\u00e9s"},"content":{"rendered":"<p class=\"a__paragraph text-gray3 \" id=\"atm-video-summary-text\">\n                    Ce mercredi 10 septembre, 175.000 personnes ont particip\u00e9 aux 550 rassemblements et 262 blocages recens\u00e9s mercredi \u00e0 17H45 en France dans le cadre de la mobilisation \u00ab\u00a0Bloquons tout\u00a0\u00bb, a indiqu\u00e9 le minist\u00e8re de l&rsquo;Int\u00e9rieur.Au total, 473 interpellations ont \u00e9t\u00e9 effectu\u00e9es, dont 203 \u00e0 Paris, et 339 personnes ont \u00e9t\u00e9 plac\u00e9es en garde \u00e0 vue, dont 106 dans la capitale, selon ce point, faisant \u00e9tat de \u00ab\u00a0la pr\u00e9sence de nombreux militants radicaux dans les cort\u00e8ges\u00a0\u00bb, engendrant des \u00ab\u00a0troubles \u00e0 l&rsquo;ordre public\u00a0\u00bb.\n            <\/p>\n","protected":false},"excerpt":{"rendered":"Ce mercredi 10 septembre, 175.000 personnes ont particip\u00e9 aux 550 rassemblements et 262 blocages recens\u00e9s mercredi \u00e0 17H45&hellip;\n","protected":false},"author":2,"featured_media":380800,"comment_status":"","ping_status":"","sticky":false,"template":"","format":"standard","meta":{"footnotes":""},"categories":[1888],"tags":[11,1777,674,1011,27,12,626,25],"class_list":{"0":"post-380799","1":"post","2":"type-post","3":"status-publish","4":"format-standard","5":"has-post-thumbnail","7":"category-paris","8":"tag-actualites","9":"tag-eu","10":"tag-europe","11":"tag-fr","12":"tag-france","13":"tag-news","14":"tag-paris","15":"tag-republique-francaise"},"share_on_mastodon":{"url":"https:\/\/pubeurope.com\/@fr\/115181251758977451","error":""},"_links":{"self":[{"href":"https:\/\/www.europesays.com\/fr\/wp-json\/wp\/v2\/posts\/380799","targetHints":{"allow":["GET"]}}],"collection":[{"href":"https:\/\/www.europesays.com\/fr\/wp-json\/wp\/v2\/posts"}],"about":[{"href":"https:\/\/www.europesays.com\/fr\/wp-json\/wp\/v2\/types\/post"}],"author":[{"embeddable":true,"href":"https:\/\/www.europesays.com\/fr\/wp-json\/wp\/v2\/users\/2"}],"replies":[{"embeddable":true,"href":"https:\/\/www.europesays.com\/fr\/wp-json\/wp\/v2\/comments?post=380799"}],"version-history":[{"count":0,"href":"https:\/\/www.europesays.com\/fr\/wp-json\/wp\/v2\/posts\/380799\/revisions"}],"wp:featuredmedia":[{"embeddable":true,"href":"https:\/\/www.europesays.com\/fr\/wp-json\/wp\/v2\/media\/380800"}],"wp:attachment":[{"href":"https:\/\/www.europesays.com\/fr\/wp-json\/wp\/v2\/media?parent=380799"}],"wp:term":[{"taxonomy":"category","embeddable":true,"href":"https:\/\/www.europesays.com\/fr\/wp-json\/wp\/v2\/categories?post=380799"},{"taxonomy":"post_tag","embeddable":true,"href":"https:\/\/www.europesays.com\/fr\/wp-json\/wp\/v2\/tags?post=380799"}],"curies":[{"name":"wp","href":"https:\/\/api.w.org\/{rel}","templated":true}]}}