{"id":380801,"date":"2025-09-10T17:46:14","date_gmt":"2025-09-10T17:46:14","guid":{"rendered":"https:\/\/www.europesays.com\/fr\/380801\/"},"modified":"2025-09-10T17:46:14","modified_gmt":"2025-09-10T17:46:14","slug":"les-infos-de-18h-guerre-en-ukraine-apres-lintrusion-dans-lespace-aerien-polonais-que-risque-la-russie","status":"publish","type":"post","link":"https:\/\/www.europesays.com\/fr\/380801\/","title":{"rendered":"Les infos de 18h &#8211; Guerre en Ukraine : apr\u00e8s l&rsquo;intrusion dans l&rsquo;espace a\u00e9rien polonais, que risque la Russie ?"},"content":{"rendered":"<p class=\"article-p mdl\">Entre onze et vingt drones russes ont viol\u00e9 l&rsquo;espace a\u00e9rien polonais, dans la nuit du mardi 9 au mercredi 10 septembre, lors d&rsquo;une attaque contre l&rsquo;Ukraine. Varsovie affirme qu&rsquo;il n&rsquo;y a \u00ab\u00a0aucun doute\u00a0\u00bb sur le fait que l&rsquo;intrusion \u00ab\u00a0n&rsquo;\u00e9tait pas un fait accidentel\u00a0\u00bb.\u00a0<\/p>\n<p class=\"article-p mdl\">Mais <strong>la Russie d\u00e9ment avoir vis\u00e9 la Pologne<\/strong>. Le minist\u00e8re russe de la D\u00e9fense affirme qu&rsquo;il n&rsquo;avait aucune intention d&rsquo;attaquer des cibles sur le territoire polonais, sans pour autant confirmer que des drones \u00e9taient bien entr\u00e9s dans l&rsquo;<a class=\"link\" href=\"https:\/\/www.rtl.fr\/actu\/international\/objets-hostiles-abattus-reunion-a-l-otan-ce-que-l-on-sait-de-l-incursion-de-drones-russes-en-pologne-7900539731\" title=\"&quot;Objets hostiles&quot; abattus, r\u00e9union \u00e0 l&#039;Otan... Ce que l&#039;on sait de l&#039;incursion de drones russes en Pologne\" target=\"_blank\" rel=\"noopener\">espace a\u00e9rien de la Pologne<\/a>. Moscou accuse m\u00eame Varsovie de vouloir aggraver le conflit en Ukraine en propageant des \u00ab\u00a0mythes\u00a0\u00bb, dit attendre des preuves montrant que ces a\u00e9ronefs \u00e9taient d&rsquo;origine russe.<\/p>\n<p class=\"article-p mdl\">La Pologne a demand\u00e9 \u00e0 l&rsquo;Otan l&rsquo;<a class=\"link\" href=\"https:\/\/www.rtl.fr\/actu\/international\/objets-hostiles-dans-le-ciel-de-pologne-qu-est-ce-que-l-article-4-de-l-otan-que-varsovie-souhaite-declencher-7900539774\" title=\"&quot;Objets hostiles&quot; dans le ciel de Pologne : qu&#039;est-ce que l&#039;article 4 de l&#039;OTAN que Varsovie souhaite d\u00e9clencher ?\" target=\"_blank\" rel=\"noopener\">activation de l&rsquo;article 4<\/a>, qui pr\u00e9voit que des consultations seront men\u00e9es entre les 32 membres de l&rsquo;Alliance, afin d&rsquo;\u00e9changer des avis, des informations et de prendre \u00e9ventuellement des mesures.<\/p>\n<p class=\"article-p mdl\">Ces r\u00e9unions ont lieu notamment au niveau des ambassadeurs, mais cet article 4 <strong>ne pr\u00e9voit pas de riposte militaire<\/strong>. C&rsquo;est d&rsquo;ailleurs la troisi\u00e8me fois qu&rsquo;il est activ\u00e9 depuis 2014 concernant l&rsquo;invasion russe en Ukraine. \u00c0 ce stade, l&rsquo;Otan pourrait par exemple d\u00e9cider d&rsquo;aider Varsovie \u00e0 s\u00e9curiser son espace a\u00e9rien en fournissant des syst\u00e8mes antia\u00e9riens ou en renfor\u00e7ant des patrouilles le long de sa fronti\u00e8re.<\/p>\n<p class=\"article-p mdl\">Ce mercredi 10 septembre,\u00a0<strong>l&rsquo;Otan reste prudente et affirme qu&rsquo;une \u00e9valuation compl\u00e8te est toujours en cours<\/strong>. Depuis Bruxelles, son secr\u00e9taire g\u00e9n\u00e9ral, Mark Rutte, a adress\u00e9 un message \u00e0 Vladimir Poutine :\u00a0<strong>Cessez de violer l&rsquo;espace a\u00e9rien des alli\u00e9s<\/strong>, et sachez que nous sommes pr\u00eats et que nous d\u00e9fendrons chaque centim\u00e8tre carr\u00e9 du territoire de l&rsquo;Otan.'\u00a0\u00bb<\/p>\n<p>            \u00c0 \u00e9couter \u00e9galement dans ce journal<\/p>\n<p class=\"article-p mdl\"><strong>Bloquons tout\u00a0<\/strong>&#8211;\u00a0<a class=\"link\" href=\"https:\/\/www.rtl.fr\/actu\/justice-faits-divers\/en-direct-greve-du-10-septembre-suivez-les-perturbations-et-les-blocages-7900539514\" title=\"EN DIRECT - Blocages du 10 septembre : 175.000 participants recens\u00e9s en fin d&#039;apr\u00e8s-midi en France\" target=\"_blank\" rel=\"noopener\">Des centaines d&rsquo;actions, de rassemblements et de blocages ont eu lieu partout en France<\/a>. Plusieurs dizaines de milliers de personnes ont manifest\u00e9 pour d\u00e9noncer l&rsquo;aust\u00e9rit\u00e9 budg\u00e9taire et les in\u00e9galit\u00e9s.<\/p>\n<p class=\"article-p mdl\"><strong>Premier ministre\u00a0<\/strong>&#8211; Nomm\u00e9 mardi 9 septembre au soir,\u00a0<a class=\"link\" href=\"https:\/\/www.rtl.fr\/actu\/politique\/sebastien-lecornu-nomme-premier-ministre-ce-qu-il-faut-retenir-de-sa-passation-de-pouvoir-7900539800\" title=\"S\u00e9bastien Lecornu nomm\u00e9 Premier ministre : ce qu&#039;il faut retenir de sa passation de pouvoir\" target=\"_blank\" rel=\"noopener\">S\u00e9bastien Lecornu a pris ses fonctions de Premier ministre<\/a>\u00a0ce mercredi \u00e0 Matignon. Il a exp\u00e9di\u00e9 son discours mais a d\u00e9clar\u00e9 qu'\u00a0\u00bbil va falloir des ruptures\u00a0\u00bb.<\/p>\n<p class=\"article-p mdl\"><strong>Antibes\u00a0<\/strong>&#8211;\u00a0<a class=\"link\" href=\"https:\/\/www.rtl.fr\/actu\/justice-faits-divers\/antibes-une-attaque-a-couteau-fait-deux-blesses-dans-un-lycee-dont-un-eleve-7900539841\" title=\"Antibes : une attaque au couteau dans un lyc\u00e9e fait deux bless\u00e9s, dont un \u00e9l\u00e8ve\" target=\"_blank\" rel=\"noopener\">Une attaque au couteau dans un lyc\u00e9e horticole d&rsquo;Antibes a fait deux bless\u00e9<\/a>s : un \u00e9l\u00e8ve et une enseignante. Les faits se sont d\u00e9roul\u00e9s en d\u00e9but d&rsquo;apr\u00e8s-midi, au sein\u00a0de l&rsquo;\u00e9tablissement. L&rsquo;assaillant a \u00e9t\u00e9 interpell\u00e9<\/p>\n<p>    La r\u00e9daction vous recommande<\/p>\n<p class=\"s-newsletter__title\">\n                L\u2019actualit\u00e9 par la r\u00e9daction de RTL dans votre bo\u00eete mail.\n            <\/p>\n<p class=\"s-newsletter__subtitle\">\n                Gr\u00e2ce \u00e0 votre compte RTL abonnez-vous \u00e0 la newsletter RTL info pour suivre toute l&rsquo;actualit\u00e9 au quotidien\n            <\/p>\n<p>\n                                    Lire la suite\n                                <\/p>\n","protected":false},"excerpt":{"rendered":"Entre onze et vingt drones russes ont viol\u00e9 l&rsquo;espace a\u00e9rien polonais, dans la nuit du mardi 9 au&hellip;\n","protected":false},"author":2,"featured_media":380802,"comment_status":"","ping_status":"","sticky":false,"template":"","format":"standard","meta":{"footnotes":""},"categories":[1591],"tags":[11,1887,107,131,6224,21333,12,136,2437,362,1885,1886,132],"class_list":{"0":"post-380801","1":"post","2":"type-post","3":"status-publish","4":"format-standard","5":"has-post-thumbnail","7":"category-russie","8":"tag-actualites","9":"tag-federation-de-russie","10":"tag-fil-info","11":"tag-guerre-en-ukraine","12":"tag-integral","13":"tag-journaux-courts","14":"tag-news","15":"tag-otan","16":"tag-pologne","17":"tag-replay","18":"tag-russia","19":"tag-russian-federation","20":"tag-russie"},"share_on_mastodon":{"url":"https:\/\/pubeurope.com\/@fr\/115181255741957853","error":""},"_links":{"self":[{"href":"https:\/\/www.europesays.com\/fr\/wp-json\/wp\/v2\/posts\/380801","targetHints":{"allow":["GET"]}}],"collection":[{"href":"https:\/\/www.europesays.com\/fr\/wp-json\/wp\/v2\/posts"}],"about":[{"href":"https:\/\/www.europesays.com\/fr\/wp-json\/wp\/v2\/types\/post"}],"author":[{"embeddable":true,"href":"https:\/\/www.europesays.com\/fr\/wp-json\/wp\/v2\/users\/2"}],"replies":[{"embeddable":true,"href":"https:\/\/www.europesays.com\/fr\/wp-json\/wp\/v2\/comments?post=380801"}],"version-history":[{"count":0,"href":"https:\/\/www.europesays.com\/fr\/wp-json\/wp\/v2\/posts\/380801\/revisions"}],"wp:featuredmedia":[{"embeddable":true,"href":"https:\/\/www.europesays.com\/fr\/wp-json\/wp\/v2\/media\/380802"}],"wp:attachment":[{"href":"https:\/\/www.europesays.com\/fr\/wp-json\/wp\/v2\/media?parent=380801"}],"wp:term":[{"taxonomy":"category","embeddable":true,"href":"https:\/\/www.europesays.com\/fr\/wp-json\/wp\/v2\/categories?post=380801"},{"taxonomy":"post_tag","embeddable":true,"href":"https:\/\/www.europesays.com\/fr\/wp-json\/wp\/v2\/tags?post=380801"}],"curies":[{"name":"wp","href":"https:\/\/api.w.org\/{rel}","templated":true}]}}