{"id":380803,"date":"2025-09-10T17:47:11","date_gmt":"2025-09-10T17:47:11","guid":{"rendered":"https:\/\/www.europesays.com\/fr\/380803\/"},"modified":"2025-09-10T17:47:11","modified_gmt":"2025-09-10T17:47:11","slug":"les-europeens-ne-percoivent-pas-a-quel-point-la-guerre-en-ukraine-est-proche-deux-liberation","status":"publish","type":"post","link":"https:\/\/www.europesays.com\/fr\/380803\/","title":{"rendered":"\u00abLes Europ\u00e9ens ne per\u00e7oivent pas \u00e0 quel point la guerre en Ukraine est proche d\u2019eux\u00bb \u2013 Lib\u00e9ration"},"content":{"rendered":"<p class=\"sc-cPiKLX AiZTS text-element\">Il a le regard de celui qui en a trop vu. Une tristesse abyssale au fond de ses yeux noirs sans reflet. Depuis trois ans, le photojournaliste et documentariste de 40 ans Mstyslav Chernov partage sa vie entre le front en Ukraine et les tapis rouges de festivals de cin\u00e9ma. Laur\u00e9at du prix Pulitzer et d\u2019un oscar pour son travail sur <a href=\"https:\/\/www.liberation.fr\/international\/europe\/a-marioupol-les-journalistes-dap-racontent-leur-traque-par-larmee-russe-20220321_6Q3C7OD7HRCRXCI4Z2HK6NT5MY\/\" target=\"_blank\" rel=\"nofollow noopener\" title=\"https:\/\/www.liberation.fr\/international\/europe\/a-marioupol-les-journalistes-dap-racontent-leur-traque-par-larmee-russe-20220321_6Q3C7OD7HRCRXCI4Z2HK6NT5MY\/\">le si\u00e8ge de Marioupol, o\u00f9 il a pass\u00e9 les vingt premiers jours de la guerre<\/a>, en 2022, il pr\u00e9sente aujourd\u2019hui une immersion terrifiante dans une tranch\u00e9e du Donbass, A 2 000 m\u00e8tres d\u2019Andriivka, qui sortira le 24 septembre en salles. De la ville martyre occup\u00e9e par les Russes aux champs d\u00e9charn\u00e9s du Donbass, le cin\u00e9aste est all\u00e9 au feu, cam\u00e9ra au poing, toujours au plus pr\u00e8s des combats. Alors que <a href=\"https:\/\/www.liberation.fr\/international\/europe\/ukraine-kyiv-encore-une-fois-visee-par-une-importante-attaque-russe-au-moins-4-morts-20250828_EH5AHTCU4ZAZJJ7EDTBZPGGD7E\/?redirected=1\" target=\"_blank\" rel=\"nofollow noopener\" title=\"https:\/\/www.liberation.fr\/international\/europe\/ukraine-kyiv-encore-une-fois-visee-par-une-importante-attaque-russe-au-moins-4-morts-20250828_EH5AHTCU4ZAZJJ7EDTBZPGGD7E\/?redirected=1\" style=\"clear: both\"><\/p>\n","protected":false},"excerpt":{"rendered":"Il a le regard de celui qui en a trop vu. Une tristesse abyssale au fond de ses&hellip;\n","protected":false},"author":2,"featured_media":380804,"comment_status":"","ping_status":"","sticky":false,"template":"","format":"standard","meta":{"footnotes":""},"categories":[1590],"tags":[11,1777,674,12,132,220,297],"class_list":{"0":"post-380803","1":"post","2":"type-post","3":"status-publish","4":"format-standard","5":"has-post-thumbnail","7":"category-ukraine","8":"tag-actualites","9":"tag-eu","10":"tag-europe","11":"tag-news","12":"tag-russie","13":"tag-ukraine","14":"tag-ukraine-la-crise"},"share_on_mastodon":{"url":"https:\/\/pubeurope.com\/@fr\/115181259612726371","error":""},"_links":{"self":[{"href":"https:\/\/www.europesays.com\/fr\/wp-json\/wp\/v2\/posts\/380803","targetHints":{"allow":["GET"]}}],"collection":[{"href":"https:\/\/www.europesays.com\/fr\/wp-json\/wp\/v2\/posts"}],"about":[{"href":"https:\/\/www.europesays.com\/fr\/wp-json\/wp\/v2\/types\/post"}],"author":[{"embeddable":true,"href":"https:\/\/www.europesays.com\/fr\/wp-json\/wp\/v2\/users\/2"}],"replies":[{"embeddable":true,"href":"https:\/\/www.europesays.com\/fr\/wp-json\/wp\/v2\/comments?post=380803"}],"version-history":[{"count":0,"href":"https:\/\/www.europesays.com\/fr\/wp-json\/wp\/v2\/posts\/380803\/revisions"}],"wp:featuredmedia":[{"embeddable":true,"href":"https:\/\/www.europesays.com\/fr\/wp-json\/wp\/v2\/media\/380804"}],"wp:attachment":[{"href":"https:\/\/www.europesays.com\/fr\/wp-json\/wp\/v2\/media?parent=380803"}],"wp:term":[{"taxonomy":"category","embeddable":true,"href":"https:\/\/www.europesays.com\/fr\/wp-json\/wp\/v2\/categories?post=380803"},{"taxonomy":"post_tag","embeddable":true,"href":"https:\/\/www.europesays.com\/fr\/wp-json\/wp\/v2\/tags?post=380803"}],"curies":[{"name":"wp","href":"https:\/\/api.w.org\/{rel}","templated":true}]}}