{"id":380807,"date":"2025-09-10T17:49:11","date_gmt":"2025-09-10T17:49:11","guid":{"rendered":"https:\/\/www.europesays.com\/fr\/380807\/"},"modified":"2025-09-10T17:49:11","modified_gmt":"2025-09-10T17:49:11","slug":"la-france-est-elle-vraiment-un-pays-ingouvernable","status":"publish","type":"post","link":"https:\/\/www.europesays.com\/fr\/380807\/","title":{"rendered":"La France est-elle vraiment un pays ingouvernable ?"},"content":{"rendered":"\n<p>L\u2019histoire fran\u00e7aise a connu son lot de p\u00e9riodes troubl\u00e9es, et l\u2019\u00e9poque actuelle n\u2019y fait pas exception, m\u00eame si guillotines et empereurs autoproclam\u00e9s se font plus rares. Mais dans les moments o\u00f9 la tension est \u00e0 son comble, une \u00e9ternelle question revient toujours\u00a0: la France et les Fran\u00e7ais sont-ils tout simplement devenus ingouvernables\u00a0?<\/p>\n<p>Parfois, m\u00eame le personnel politique se pr\u00eate au jeu. Charles de Gaulle n\u2019avait-il lui-m\u00eame pas lanc\u00e9 \u201cComment voulez-vous gouverner un pays o\u00f9 il existe 258 vari\u00e9t\u00e9s de fromages\u00a0?\u201d, des ann\u00e9es avant qu\u2019Emmanuel Macron ne d\u00e9clare que \u201cla France [\u00e9tait] un pays de monarchistes r\u00e9gicides\u201d. Pour votre culture, mon g\u00e9n\u00e9ral, sachez que le pays compte plus de mille appellations de fromages.<\/p>\n<p>Rien que ces six derni\u00e8res ann\u00e9es, cette rh\u00e9torique sur les Fran\u00e7ais \u201cingouvernables\u201d a refait surface lors des manifestations hebdomadaires des \u201cgilets jaunes\u201d de\u00a02018 et\u00a02019, des gr\u00e8ves contre la r\u00e9forme des retraites de\u00a02019 et\u00a02023, et plus r\u00e9cemment lors de la crise politique actuelle, qui dure <a href=\"https:\/\/www.courrierinternational.com\/article\/politique-legislatives-la-crainte-d-une-france-ingouvernable\" rel=\"nofollow noopener\" target=\"_blank\">depuis\u00a02022\u00a0et la paralysie du Parlement<\/a>. Cette derni\u00e8re pourrait d\u00e9boucher sur une cinqui\u00e8me nomination de Premier ministre en deux ans.<\/p>\n<p> \u201cGouvern\u00e9, oui\u00a0; r\u00e9form\u00e9, non\u201d <\/p>\n<p>Selon John Lichfield, journaliste politique sp\u00e9cialiste de la France, \u201cc\u2019est en quelque sorte le<\/p>\n","protected":false},"excerpt":{"rendered":"L\u2019histoire fran\u00e7aise a connu son lot de p\u00e9riodes troubl\u00e9es, et l\u2019\u00e9poque actuelle n\u2019y fait pas exception, m\u00eame si&hellip;\n","protected":false},"author":2,"featured_media":380808,"comment_status":"","ping_status":"","sticky":false,"template":"","format":"standard","meta":{"footnotes":""},"categories":[1588],"tags":[11,1073,1777,674,27,3821,12,473,1853,1851,1850,1852],"class_list":{"0":"post-380807","1":"post","2":"type-post","3":"status-publish","4":"format-standard","5":"has-post-thumbnail","7":"category-royaume-uni","8":"tag-actualites","9":"tag-emmanuel-macron","10":"tag-eu","11":"tag-europe","12":"tag-france","13":"tag-la-france-vue-de-lu2019u00e9tranger","14":"tag-news","15":"tag-royaume-uni","16":"tag-royaume-uni-de-grande-bretagne-et-dirlande-du-nord","17":"tag-uk","18":"tag-united-kingdom","19":"tag-united-kingdom-of-great-britain-and-northern-ireland"},"share_on_mastodon":{"url":"https:\/\/pubeurope.com\/@fr\/115181267531556772","error":""},"_links":{"self":[{"href":"https:\/\/www.europesays.com\/fr\/wp-json\/wp\/v2\/posts\/380807","targetHints":{"allow":["GET"]}}],"collection":[{"href":"https:\/\/www.europesays.com\/fr\/wp-json\/wp\/v2\/posts"}],"about":[{"href":"https:\/\/www.europesays.com\/fr\/wp-json\/wp\/v2\/types\/post"}],"author":[{"embeddable":true,"href":"https:\/\/www.europesays.com\/fr\/wp-json\/wp\/v2\/users\/2"}],"replies":[{"embeddable":true,"href":"https:\/\/www.europesays.com\/fr\/wp-json\/wp\/v2\/comments?post=380807"}],"version-history":[{"count":0,"href":"https:\/\/www.europesays.com\/fr\/wp-json\/wp\/v2\/posts\/380807\/revisions"}],"wp:featuredmedia":[{"embeddable":true,"href":"https:\/\/www.europesays.com\/fr\/wp-json\/wp\/v2\/media\/380808"}],"wp:attachment":[{"href":"https:\/\/www.europesays.com\/fr\/wp-json\/wp\/v2\/media?parent=380807"}],"wp:term":[{"taxonomy":"category","embeddable":true,"href":"https:\/\/www.europesays.com\/fr\/wp-json\/wp\/v2\/categories?post=380807"},{"taxonomy":"post_tag","embeddable":true,"href":"https:\/\/www.europesays.com\/fr\/wp-json\/wp\/v2\/tags?post=380807"}],"curies":[{"name":"wp","href":"https:\/\/api.w.org\/{rel}","templated":true}]}}