{"id":380818,"date":"2025-09-10T17:55:28","date_gmt":"2025-09-10T17:55:28","guid":{"rendered":"https:\/\/www.europesays.com\/fr\/380818\/"},"modified":"2025-09-10T17:55:28","modified_gmt":"2025-09-10T17:55:28","slug":"bloquons-tout-175-000-manifestants-et-473-interpellations-en-france-selon-linterieur","status":"publish","type":"post","link":"https:\/\/www.europesays.com\/fr\/380818\/","title":{"rendered":"\u00ab\u00a0Bloquons Tout\u00a0\u00bb : 175.000 manifestants et 473 interpellations en France, selon l&rsquo;Int\u00e9rieur"},"content":{"rendered":"<ul class=\"jsx-862013697 ArticleChapo__List\">\n<li class=\"jsx-862013697 ArticleChapo__List_Item flex\">175.000 manifestants ont particip\u00e9 \u00e0 des rassemblements ou blocages li\u00e9s au mouvement \u00ab\u00a0Bloquons Tout\u00a0\u00bb ce mercredi 10 septembre, selon les chiffres du minist\u00e8re de l&rsquo;Int\u00e9rieur \u00e0 17 heures.<\/li>\n<li class=\"jsx-862013697 ArticleChapo__List_Item flex\">D&rsquo;apr\u00e8s la m\u00eame source, 812 actions ont eu lieu sur l&rsquo;ensemble du territoire fran\u00e7ais.<\/li>\n<li class=\"jsx-862013697 ArticleChapo__List_Item flex\">\u00c0 17h45, 473 personnes avaient \u00e9t\u00e9 interpell\u00e9es lors de ces manifestations.<\/li>\n<\/ul>\n<p data-module=\"article-paragraph\" class=\"jsx-3046738180 Paragraph\">Une premi\u00e8re id\u00e9e de l&rsquo;ampleur <a href=\"https:\/\/www.tf1info.fr\/societe\/video-lci-bloquons-tout-la-participation-des-lyceens-et-des-etudiants-est-presque-impressionnante-s-etonne-le-sociologue-jean-francois-amadieu-2393845.html\" target=\"_blank\" rel=\"noopener\">de la mobilisation<\/a>. 175.000 personnes ont particip\u00e9 \u00e0 des actions li\u00e9es au mouvement \u00ab\u00a0Bloquons Tout\u00a0\u00bb ce mercredi 10 septembre, selon un d\u00e9compte r\u00e9alis\u00e9 \u00e0 17 heures par le minist\u00e8re de l&rsquo;Int\u00e9rieur. Au total, 212 actions, dont 550 rassemblements et 262 blocages, ont \u00e9t\u00e9 recens\u00e9es. \u00ab\u00a0Depuis la mi-journ\u00e9e, les manifestations tendent \u00e0 prendre de l\u2019ampleur\u00a0\u00bb, pr\u00e9cise la place Beauvau dans un point de situation. \u00ab\u00a0La pr\u00e9sence de nombreux militants radicaux dans les cort\u00e8ges engendrent des troubles \u00e0 l\u2019ordre public. La situation est particuli\u00e8rement tendue <a href=\"https:\/\/www.tf1info.fr\/societe\/bloquons-tout-bus-incendie-actions-coup-de-poing-a-rennes-les-images-de-la-mobilisation-du-10-septembre-2393812.html\" target=\"_blank\" rel=\"noopener\">\u00e0 Rennes<\/a> (Ille-et-Vilaine), Nantes (Loire-Atlantique) ou <a href=\"https:\/\/www.tf1info.fr\/societe\/en-direct-mouvement-bloquons-tout-contre-emmanuel-macron-des-actions-attendues-dans-toute-la-france-les-autorites-en-alerte-les-dernieres-informations-de-ce-mercredi-10-septembre-2025-2393688.html\" target=\"_blank\" rel=\"noopener\">Paris<\/a>, o\u00f9 des sommations ont \u00e9t\u00e9 effectu\u00e9es \u00e0 la suite de prises \u00e0 partie de forces de l&rsquo;ordre.\u00a0\u00bb<\/p>\n<p data-module=\"article-paragraph\" class=\"jsx-3046738180 Paragraph Paragraph__End\"><a href=\"https:\/\/www.tf1info.fr\/societe\/en-direct-mouvement-bloquons-tout-contre-emmanuel-macron-des-actions-attendues-dans-toute-la-france-les-autorites-en-alerte-les-dernieres-informations-de-ce-mercredi-10-septembre-2025-2393688.html\" target=\"_blank\" rel=\"noopener\">Quelques heurts ont donc \u00e9maill\u00e9 les cort\u00e8ges dans les grandes villes<\/a>, toutefois sans d\u00e9bordements majeurs. 473 interpellations ont ainsi \u00e9t\u00e9 r\u00e9alis\u00e9es, dont 203 \u00e0 Paris, selon le minist\u00e8re de l&rsquo;Int\u00e9rieur. Des arrestations qui ont conduit \u00e0 339 gardes \u00e0 vue. \u00c0 17 heures, 267 incendies de voie publiques avaient \u00e9galement \u00e9t\u00e9 recens\u00e9s, d&rsquo;apr\u00e8s la m\u00eame source. Enfin, 13 membres des forces de l&rsquo;ordre ont \u00e9t\u00e9 l\u00e9g\u00e8rement bless\u00e9s dans le cadre de cette journ\u00e9e de mobilisation.<\/p>\n<p><a href=\"https:\/\/www.tf1info.fr\/societe\/video-reportage-bloquons-tout-les-images-des-actions-et-des-interventions-des-forces-de-l-ordre-partout-en-france-2393785.html\" rel=\"noopener\" class=\"jsx-3308031228 Link flex\" target=\"_blank\"><img decoding=\"async\" src=\"https:\/\/www.europesays.com\/fr\/wp-content\/uploads\/2025\/09\/bloquons-tout-nantes-dcf694-1@1x.jpeg\" alt=\"AFP\" loading=\"lazy\" importance=\"low\" fetchpriority=\"low\" class=\"\" aria-hidden=\"true\"\/><\/p>\n<p class=\"jsx-3657663356 ReadMoreArticle__Title\">Lire aussi<\/p>\n<p class=\"jsx-3657663356\">\u00ab\u00a0Bloquons tout\u00a0\u00bb : les images des actions et des interventions des forces de l&rsquo;ordre dans toute la France<\/p>\n<p><\/a><\/p>\n<p data-module=\"article-paragraph\" class=\"jsx-3046738180 Paragraph Paragraph__End\">\u00c0 titre de comparaison, 290.000 personnes avaient particip\u00e9 \u00e0 la premi\u00e8re journ\u00e9e du mouvement des \u00ab\u00a0Gilets jaunes\u00a0\u00bb, le 17 novembre 2018. Mais le profil des partisans de \u00ab\u00a0Bloquons Tout\u00a0\u00bb appara\u00eet cette fois comme bien diff\u00e9rent. \u00ab\u00a0Lors du mouvement des Gilets jaunes, on avait \u00e0 la fois des personnes \u00e9loign\u00e9es des partis politiques, d&rsquo;autres plut\u00f4t \u00e0 gauche, d&rsquo;autres plut\u00f4t \u00e0 droite\u00a0\u00bb, expliquait lundi \u00e0 TF1info Antoine Bristielle, directeur de l\u2019Observatoire de l\u2019opinion \u00e0 la Fondation Jean-Jaur\u00e8s. \u00ab\u00a0L\u00e0, ce sont presque exclusivement des personnes qui proviennent de la gauche radicale.\u00a0\u00bb<\/p>\n<p>T.A.<\/p>\n","protected":false},"excerpt":{"rendered":"175.000 manifestants ont particip\u00e9 \u00e0 des rassemblements ou blocages li\u00e9s au mouvement \u00ab\u00a0Bloquons Tout\u00a0\u00bb ce mercredi 10 septembre,&hellip;\n","protected":false},"author":2,"featured_media":380819,"comment_status":"","ping_status":"","sticky":false,"template":"","format":"standard","meta":{"footnotes":""},"categories":[4],"tags":[51343,1111,11,1921,1013,1011,27,1922,2088,12771,12,25,801,133,5010],"class_list":{"0":"post-380818","1":"post","2":"type-post","3":"status-publish","4":"format-standard","5":"has-post-thumbnail","7":"category-france","8":"tag-bloquons-tout-une-journee-noire-le-10-septembre","9":"tag-actu","10":"tag-actualites","11":"tag-article-video","12":"tag-bruno-retailleau","13":"tag-fr","14":"tag-france","15":"tag-info","16":"tag-manifestation","17":"tag-mouvements-sociaux","18":"tag-news","19":"tag-republique-francaise","20":"tag-social","21":"tag-video","22":"tag-video-sujets-de-societe"},"share_on_mastodon":{"url":"https:\/\/pubeurope.com\/@fr\/115181291668010643","error":""},"_links":{"self":[{"href":"https:\/\/www.europesays.com\/fr\/wp-json\/wp\/v2\/posts\/380818","targetHints":{"allow":["GET"]}}],"collection":[{"href":"https:\/\/www.europesays.com\/fr\/wp-json\/wp\/v2\/posts"}],"about":[{"href":"https:\/\/www.europesays.com\/fr\/wp-json\/wp\/v2\/types\/post"}],"author":[{"embeddable":true,"href":"https:\/\/www.europesays.com\/fr\/wp-json\/wp\/v2\/users\/2"}],"replies":[{"embeddable":true,"href":"https:\/\/www.europesays.com\/fr\/wp-json\/wp\/v2\/comments?post=380818"}],"version-history":[{"count":0,"href":"https:\/\/www.europesays.com\/fr\/wp-json\/wp\/v2\/posts\/380818\/revisions"}],"wp:featuredmedia":[{"embeddable":true,"href":"https:\/\/www.europesays.com\/fr\/wp-json\/wp\/v2\/media\/380819"}],"wp:attachment":[{"href":"https:\/\/www.europesays.com\/fr\/wp-json\/wp\/v2\/media?parent=380818"}],"wp:term":[{"taxonomy":"category","embeddable":true,"href":"https:\/\/www.europesays.com\/fr\/wp-json\/wp\/v2\/categories?post=380818"},{"taxonomy":"post_tag","embeddable":true,"href":"https:\/\/www.europesays.com\/fr\/wp-json\/wp\/v2\/tags?post=380818"}],"curies":[{"name":"wp","href":"https:\/\/api.w.org\/{rel}","templated":true}]}}