{"id":380820,"date":"2025-09-10T17:56:19","date_gmt":"2025-09-10T17:56:19","guid":{"rendered":"https:\/\/www.europesays.com\/fr\/380820\/"},"modified":"2025-09-10T17:56:19","modified_gmt":"2025-09-10T17:56:19","slug":"le-calendrier-2025-26-devoile-lopen-de-france-programme-du-24-au-27-septembre-2026","status":"publish","type":"post","link":"https:\/\/www.europesays.com\/fr\/380820\/","title":{"rendered":"Le calendrier 2025-26 d\u00e9voil\u00e9. L\u2019Open de France programm\u00e9 du 24 au 27 septembre 2026"},"content":{"rendered":"<p>\t\t\t\t\t\t<img width=\"770\" height=\"557\" src=\"https:\/\/www.europesays.com\/fr\/wp-content\/uploads\/2025\/04\/dpworldtourflag-770x557.jpg\" class=\"img-responsive wp-post-image\" alt=\"\" decoding=\"async\" fetchpriority=\"high\"  \/>\t\t\t\t\t<\/p>\n<p>\t\t\t\t\t\t Partager cet article <\/p>\n<p class=\"screen-reader-text juiz_sps_maybe_hidden_text\">Partager la publication \u00ab\u00a0Le calendrier 2025-26 d\u00e9voil\u00e9. L\u2019Open de France programm\u00e9 du 24 au 27 septembre 2026\u00a0\u00bb<\/p>\n<p><strong>42 tournois au minimum disput\u00e9s dans 25 pays diff\u00e9rents sont au programme de la saison 2025-26. Celle-ci d\u00e9butera en Australie le 27 novembre, quinze jours apr\u00e8s la cl\u00f4ture de la saison 2024-25 \u00e0 Duba\u00ef, et s\u2019ach\u00e8vera le 15 novembre 2026, toujours \u00e0 Duba\u00ef avec le DP World Tour Championship.<\/strong><\/p>\n<p>\t\t\t\t<img loading=\"lazy\" decoding=\"async\" src=\"data:image\/svg+xml,%3Csvg%20xmlns=\" http:=\"\" attributionsrc=\"\" border=\"0\" height=\"1\" width=\"1\" alt=\"Advertisement\" data-lazy-src=\"https:\/\/www.europesays.com\/fr\/wp-content\/uploads\/2025\/04\/B33047934.419287174;dc_trk_aid=604471453;dc_trk_cid=228875085;ord=[timestamp];dc_lat=;dc_rdid=;tag_f.gif\"\/><\/p>\n<p>\t\t\t\t\t<a id=\"169978\" href=\"https:\/\/ad.doubleclick.net\/ddm\/trackclk\/N1153799.3770024GOLFPLANATE\/B33047934.419287174;dc_trk_aid=604471453;dc_trk_cid=228875085;dc_lat=;dc_rdid=;tag_for_child_directed_treatment=;tfua=;gdpr=${GDPR};gdpr_consent=${GDPR_CONSENT_755};ltd=;dc_tdv=1\" target=\"_blank\" rel=\"sponsorised nofollow noopener\"><img decoding=\"async\" src=\"data:image\/svg+xml,%3Csvg%20xmlns=\" http:=\"\" class=\"img-responsive\" alt=\"\" data-lazy-src=\"https:\/\/www.europesays.com\/fr\/wp-content\/uploads\/2025\/04\/callaway-e02-elyte-fers-1170x275-1.jpg\"\/><\/a><\/p>\n<p>La <a href=\"https:\/\/www.europeantour.com\/dpworld-tour\/schedule\/2026\/\" target=\"_blank\" rel=\"noopener nofollow\">saison 2025-26 du DP World Tour<\/a> regroupera cinq phases de \u00ab <strong>Global Swings<\/strong> \u00bb (<strong>Opening swing<\/strong>, <strong>International swing<\/strong>, <strong>Asian swing<\/strong>, <strong>European swing<\/strong> et <strong>Closing swing<\/strong>) suivies par le \u00ab <strong>Back 9<\/strong> \u00bb avant de se terminer par les \u00ab <strong>DP World Tour Play-Offs<\/strong> \u00bb aux Emirats arabes unis entre le 5 et le 15 novembre 2026.<\/p>\n<p>157,5 millions de dollars (hors tournois <strong>Majeurs<\/strong>) seront mis en jeu. Le\u00a0<strong>Duba\u00ef Invitational<\/strong>\u00a0(15-18 janvier) revient dans le calendrier, en alternance avec la <strong>Team Cup<\/strong>. L\u2019<strong>Estrella Damm Catalunya Championship<\/strong>, premier tournoi de l\u2019European Swing, se d\u00e9roulera quant \u00e0 lui du 7 au 10 mai au <strong>Real Club de Golf El Prat<\/strong> de Barcelone. Il s\u2019agit ici d\u2019un nouveau tournoi qui fait suite \u00e0 l\u2019accord annonc\u00e9 plus t\u00f4t cet \u00e9t\u00e9 selon lequel la <strong>Ryder Cup 2031<\/strong> se d\u00e9roulera \u00e0 <strong>Camiral<\/strong>, en Catalogne. Le Golf d\u2019El Prat recevra \u00e0 ce titre pour la premi\u00e8re fois un tournoi du Tour europ\u00e9en depuis l\u2019<strong>Open d\u2019Espagne 2015<\/strong>.<\/p>\n<p><img loading=\"lazy\" decoding=\"async\" class=\"wp-image-185052  aligncenter\" src=\"data:image\/svg+xml,%3Csvg%20xmlns=\" http:=\"\" alt=\"\" width=\"764\" height=\"429\" data-lazy-src=\"https:\/\/www.europesays.com\/fr\/wp-content\/uploads\/2025\/09\/calendrier202526-e1757512456789.png\"\/><\/p>\n<p>\u00a0<\/p>\n<p>\u00a0<\/p>\n<p>\u00a0<\/p>\n<p>Concernant les tournois double-badges <strong>PGA Tour-DP World Tour<\/strong>, si l\u2019<strong>ISCO Championship<\/strong> est maintenu (9-12 juillet), le <strong>Barracuda Championship<\/strong> c\u00e8de sa place au <strong>Corales Puntacana Championship<\/strong> (16-19 juillet).<\/p>\n<p>Cinq <strong>Rolex Series<\/strong> sont toujours au programme\u00a0: le\u00a0<strong>Hero Dubai Desert Classic<\/strong>\u00a0(22-25 janvier), le <strong>Genesis Scottish Open<\/strong>\u00a0(au <strong>Renaissance Club<\/strong> du 9 au 12 juillet), le\u00a0<strong>BMW PGA Championship<\/strong>\u00a0(17-20 septembre) et les deux rendez-vous des Play-Offs, l\u2019<strong>Abu Dhabi Championship<\/strong>\u00a0(5-8 novembre) et\u00a0le <strong>DP World Tour Championship<\/strong>\u00a0(12-15 novembre), o\u00f9 le champion Race to Dubai 2026 sera couronn\u00e9.<\/p>\n<p>\t\t\t\t\t<a id=\"184458\" href=\"https:\/\/www.lacoste.com\/fr\/lacoste\/decouvrez\/sport-collections\/golf\/\" target=\"_blank\" rel=\"sponsorised nofollow noopener\"><img decoding=\"async\" src=\"data:image\/svg+xml,%3Csvg%20xmlns=\" http:=\"\" class=\"img-responsive\" alt=\"\" data-lazy-src=\"https:\/\/www.europesays.com\/fr\/wp-content\/uploads\/2025\/09\/lacoste-e02-collection-golf-1170x275-1.gif\"\/><\/a><br \/>\nL\u2019Open de France retourne au Golf National<\/p>\n<p>Si l\u2019<strong>Amgen Irish Open<\/strong> (10-13 septembre) quitte <a href=\"https:\/\/www.golfplanete.com\/actualites\/au-3e-trou-de-play-off-face-au-suedois-joakim-lagergren-rory-mcilroy-soffre-un-double-au-k-club-top-5-pour-adrien-saddier\/\" target=\"_blank\" rel=\"noopener nofollow\">le K Club o\u00f9 vient de triompher Rory McIlroy<\/a>, il se jouera pour la premi\u00e8re fois au <strong>Trump International Golf Links Ireland<\/strong>, \u00e0 Doonbeg (R\u00e9publique d\u2019Irlande). D\u00e9localis\u00e9 cette ann\u00e9e \u00e0 <strong>St-Nom-la-Bret\u00e8che<\/strong> (78) en raison des travaux du Grand Paris aux abords imm\u00e9diats du <strong>Golf National<\/strong>, le <strong>FedEx Open de France<\/strong> revient en 2026 \u00e0 <strong>St-Quentin-en-Yvelines<\/strong>. Le plus vieux tournoi d\u2019Europe continentale (n\u00e9 en 1906) est pr\u00e9vu du 24 au 27 septembre 2026, juste apr\u00e8s le BMW PGA Championship et avant le <strong>Dunhill Links Championship<\/strong> (1er-4 octobre). Ces deux tournois font de nouveau partie du \u00ab Back 9 \u00bb.<\/p>\n<p>\t\t\t\t\t<a id=\"179385\" href=\"https:\/\/tickets.europeantour.com\/eut\/#\/c6906933-bb43-434b-a22d-0ae172a572d4\/shop\/custom-pack?fac=EUT&amp;locale=fr&amp;skin=pgaetodf&amp;utm_campaign=ODF&amp;utm_content=Ticketing&amp;utm_medium=Web&amp;utm_source=Partner&amp;utm_term=PavonGolfPlanete\" target=\"_blank\" rel=\"sponsorised nofollow noopener\"><img decoding=\"async\" src=\"data:image\/svg+xml,%3Csvg%20xmlns=\" http:=\"\" class=\"img-responsive\" alt=\"\" data-lazy-src=\"https:\/\/www.europesays.com\/fr\/wp-content\/uploads\/2025\/07\/opendefrance-e03-plateau-1407-1170x275-1.jpg\"\/><\/a><\/p>\n<p>Photo : DP World Tour\u00a0<\/p>\n","protected":false},"excerpt":{"rendered":"Partager cet article Partager la publication \u00ab\u00a0Le calendrier 2025-26 d\u00e9voil\u00e9. L\u2019Open de France programm\u00e9 du 24 au 27&hellip;\n","protected":false},"author":2,"featured_media":48799,"comment_status":"","ping_status":"","sticky":false,"template":"","format":"standard","meta":{"footnotes":""},"categories":[1418],"tags":[1011,27,1472,60],"class_list":{"0":"post-380820","1":"post","2":"type-post","3":"status-publish","4":"format-standard","5":"has-post-thumbnail","7":"category-golf","8":"tag-fr","9":"tag-france","10":"tag-golf","11":"tag-sports"},"share_on_mastodon":{"url":"https:\/\/pubeurope.com\/@fr\/115181294953012546","error":""},"_links":{"self":[{"href":"https:\/\/www.europesays.com\/fr\/wp-json\/wp\/v2\/posts\/380820","targetHints":{"allow":["GET"]}}],"collection":[{"href":"https:\/\/www.europesays.com\/fr\/wp-json\/wp\/v2\/posts"}],"about":[{"href":"https:\/\/www.europesays.com\/fr\/wp-json\/wp\/v2\/types\/post"}],"author":[{"embeddable":true,"href":"https:\/\/www.europesays.com\/fr\/wp-json\/wp\/v2\/users\/2"}],"replies":[{"embeddable":true,"href":"https:\/\/www.europesays.com\/fr\/wp-json\/wp\/v2\/comments?post=380820"}],"version-history":[{"count":0,"href":"https:\/\/www.europesays.com\/fr\/wp-json\/wp\/v2\/posts\/380820\/revisions"}],"wp:featuredmedia":[{"embeddable":true,"href":"https:\/\/www.europesays.com\/fr\/wp-json\/wp\/v2\/media\/48799"}],"wp:attachment":[{"href":"https:\/\/www.europesays.com\/fr\/wp-json\/wp\/v2\/media?parent=380820"}],"wp:term":[{"taxonomy":"category","embeddable":true,"href":"https:\/\/www.europesays.com\/fr\/wp-json\/wp\/v2\/categories?post=380820"},{"taxonomy":"post_tag","embeddable":true,"href":"https:\/\/www.europesays.com\/fr\/wp-json\/wp\/v2\/tags?post=380820"}],"curies":[{"name":"wp","href":"https:\/\/api.w.org\/{rel}","templated":true}]}}