{"id":380821,"date":"2025-09-10T17:58:15","date_gmt":"2025-09-10T17:58:15","guid":{"rendered":"https:\/\/www.europesays.com\/fr\/380821\/"},"modified":"2025-09-10T17:58:15","modified_gmt":"2025-09-10T17:58:15","slug":"le-club-a-trouve-un-accord-pour-rapatrier-un-grand-talent-francais","status":"publish","type":"post","link":"https:\/\/www.europesays.com\/fr\/380821\/","title":{"rendered":"le club a trouv\u00e9 un accord pour rapatrier un grand talent fran\u00e7ais"},"content":{"rendered":"<p>Une belle pioche pour l\u2019<a href=\"https:\/\/www.quinzemondial.com\/top-14\/ubb-brillant-pour-son-retour-woki-affiche-de-grosses-ambitions-pour-concurrencer-toulouse-818594\" rel=\"nofollow noopener\" target=\"_blank\">Union Bordeaux-B\u00e8gles\u00a0<\/a>? Si la saison vient \u00e0 peine de d\u00e9buter, la direction planifie d\u00e9j\u00e0 la suivante et commence \u00e0 dessiner les contours de son effectif. Un ouvreur est ainsi attendu pour venir concurrencer Matthieu Jalibert et Joey Carbery, ou remplacer l\u2019Irlandais.<\/p>\n<p>Un contrat de deux ans \u00e0 l\u2019UBB<\/p>\n<p>Selon les informations de <a href=\"https:\/\/www.lequipe.fr\/Rugby\/Actualites\/L-ouvreur-montpellierain-hugo-reus-a-donne-son-accord-a-l-ubb\/1592030\" rel=\"nofollow noopener\" target=\"_blank\">L\u2019Equipe<\/a>, l\u2019UBB a trouv\u00e9 un accord avec Hugo Reus. Form\u00e9 en Gironde, le jeune num\u00e9ro 10 avait \u00e9t\u00e9 contraint de s\u2019exiler \u00e0 La Rochelle pour tenter de gagner du temps de jeu. En grande difficult\u00e9 l\u2019an pass\u00e9, il avait rebondi au MHR, sans forc\u00e9ment convaincre.<\/p>\n<p>Son aventure dans l\u2019H\u00e9rault ne devrait donc pas s\u2019\u00e9terniser et Hugo Reus aurait sign\u00e9 un bail de deux ans avec l\u2019UBB. Dans son club formateur, le double champion du monde U20 tentera de retrouver le fil de sa progression et de confirmer les espoirs. Le MHR n\u2019aurait pas souhait\u00e9 le conserver.<\/p>\n<p>Partagez cette info avec vos amis et vos proches en cliquant ici<br \/>Pour r\u00e9sumer<\/p>\n<p>Selon les informations de L\u2019Equipe, l\u2019Union Bordeaux-B\u00e8gles a trouv\u00e9 un accord pour recruter un jeune talent fran\u00e7ais, form\u00e9 au club avant de partir s\u2019aguerrir en Top 14. Il devrait signer un contrat de deux saisons en Gironde.<\/p>\n<p> <img decoding=\"async\" width=\"76\" height=\"76\" loading=\"lazy\" src=\"https:\/\/www.europesays.com\/fr\/wp-content\/uploads\/2025\/04\/avatar-quinze.png\" alt=\"Arnaud D\u00e9chelotte\"\/><\/p>\n","protected":false},"excerpt":{"rendered":"Une belle pioche pour l\u2019Union Bordeaux-B\u00e8gles\u00a0? Si la saison vient \u00e0 peine de d\u00e9buter, la direction planifie d\u00e9j\u00e0&hellip;\n","protected":false},"author":2,"featured_media":380822,"comment_status":"","ping_status":"","sticky":false,"template":"","format":"standard","meta":{"footnotes":""},"categories":[1416],"tags":[1011,27,479,1468,60],"class_list":{"0":"post-380821","1":"post","2":"type-post","3":"status-publish","4":"format-standard","5":"has-post-thumbnail","7":"category-rugby","8":"tag-fr","9":"tag-france","10":"tag-rugby","11":"tag-rugby-football","12":"tag-sports"},"share_on_mastodon":{"url":"https:\/\/pubeurope.com\/@fr\/115181303522408377","error":""},"_links":{"self":[{"href":"https:\/\/www.europesays.com\/fr\/wp-json\/wp\/v2\/posts\/380821","targetHints":{"allow":["GET"]}}],"collection":[{"href":"https:\/\/www.europesays.com\/fr\/wp-json\/wp\/v2\/posts"}],"about":[{"href":"https:\/\/www.europesays.com\/fr\/wp-json\/wp\/v2\/types\/post"}],"author":[{"embeddable":true,"href":"https:\/\/www.europesays.com\/fr\/wp-json\/wp\/v2\/users\/2"}],"replies":[{"embeddable":true,"href":"https:\/\/www.europesays.com\/fr\/wp-json\/wp\/v2\/comments?post=380821"}],"version-history":[{"count":0,"href":"https:\/\/www.europesays.com\/fr\/wp-json\/wp\/v2\/posts\/380821\/revisions"}],"wp:featuredmedia":[{"embeddable":true,"href":"https:\/\/www.europesays.com\/fr\/wp-json\/wp\/v2\/media\/380822"}],"wp:attachment":[{"href":"https:\/\/www.europesays.com\/fr\/wp-json\/wp\/v2\/media?parent=380821"}],"wp:term":[{"taxonomy":"category","embeddable":true,"href":"https:\/\/www.europesays.com\/fr\/wp-json\/wp\/v2\/categories?post=380821"},{"taxonomy":"post_tag","embeddable":true,"href":"https:\/\/www.europesays.com\/fr\/wp-json\/wp\/v2\/tags?post=380821"}],"curies":[{"name":"wp","href":"https:\/\/api.w.org\/{rel}","templated":true}]}}