{"id":380824,"date":"2025-09-10T18:01:11","date_gmt":"2025-09-10T18:01:11","guid":{"rendered":"https:\/\/www.europesays.com\/fr\/380824\/"},"modified":"2025-09-10T18:01:11","modified_gmt":"2025-09-10T18:01:11","slug":"marc-marquez-3-points-suffisent","status":"publish","type":"post","link":"https:\/\/www.europesays.com\/fr\/380824\/","title":{"rendered":"Marc Marquez : 3 points suffisent"},"content":{"rendered":"<p>&#13;<\/p>\n<p><strong>Si le Catalan ne jouera pas une balle de match \u00e0 Misano, il s&rsquo;en rapproche toutefois de plus en plus et Motegi pourrait bien \u00eatre la prochaine \u00e9ch\u00e9ance. <\/strong><\/p>\n<p>Avec 182 points d&rsquo;avance sur son fr\u00e8re Alex en amont du Grand Prix de Saint-Marin, Marc Marquez ne pourra pas jouer une balle de match ce week-end sur la c\u00f4te Adriatique. Il devra patienter au moins jusqu&rsquo;au prochain rendez-vous \u00e0 Motegi. <\/p>\n<p>Et pour s&rsquo;assurer d&rsquo;\u00eatre \u00ab\u00a0titrable\u00a0\u00bb au Japon, Marc Marquez doit marquer trois points au championnat, peu importe si Alex signe le doubl\u00e9 (vainqueur samedi et dimanche) ou non. <\/p>\n<p>Si cette condition n&rsquo;est pas respect\u00e9e, alors il ne devra pas conc\u00e9der plus de 34 points \u00e0 Alex sur le week-end et donc partir avec au moins 148 points d&rsquo;avance au championnat du monde. Il aura alors la possibilit\u00e9 de jouer la couronne au Japon. <\/p>\n<p>Inscrire trois points sur le week-end, est-ce vraiment hors de port\u00e9e d&rsquo;un pilote qui en a marqu\u00e9 32.5 en moyenne par Grand Prix depuis l&rsquo;ouverture de la saison en Tha\u00eflande ?<\/p>\n<p>&#13;<br \/>\n           &#13;<br \/>\n&#13;<br \/>\n    &#13;<br \/>\n    &#13;<\/p>\n","protected":false},"excerpt":{"rendered":"&#13; Si le Catalan ne jouera pas une balle de match \u00e0 Misano, il s&rsquo;en rapproche toutefois de&hellip;\n","protected":false},"author":2,"featured_media":380825,"comment_status":"","ping_status":"","sticky":false,"template":"","format":"standard","meta":{"footnotes":""},"categories":[1413],"tags":[1011,27,1457,1456,60],"class_list":{"0":"post-380824","1":"post","2":"type-post","3":"status-publish","4":"format-standard","5":"has-post-thumbnail","7":"category-moto","8":"tag-fr","9":"tag-france","10":"tag-moto","11":"tag-motocycle","12":"tag-sports"},"share_on_mastodon":{"url":"https:\/\/pubeurope.com\/@fr\/115181314619687007","error":""},"_links":{"self":[{"href":"https:\/\/www.europesays.com\/fr\/wp-json\/wp\/v2\/posts\/380824","targetHints":{"allow":["GET"]}}],"collection":[{"href":"https:\/\/www.europesays.com\/fr\/wp-json\/wp\/v2\/posts"}],"about":[{"href":"https:\/\/www.europesays.com\/fr\/wp-json\/wp\/v2\/types\/post"}],"author":[{"embeddable":true,"href":"https:\/\/www.europesays.com\/fr\/wp-json\/wp\/v2\/users\/2"}],"replies":[{"embeddable":true,"href":"https:\/\/www.europesays.com\/fr\/wp-json\/wp\/v2\/comments?post=380824"}],"version-history":[{"count":0,"href":"https:\/\/www.europesays.com\/fr\/wp-json\/wp\/v2\/posts\/380824\/revisions"}],"wp:featuredmedia":[{"embeddable":true,"href":"https:\/\/www.europesays.com\/fr\/wp-json\/wp\/v2\/media\/380825"}],"wp:attachment":[{"href":"https:\/\/www.europesays.com\/fr\/wp-json\/wp\/v2\/media?parent=380824"}],"wp:term":[{"taxonomy":"category","embeddable":true,"href":"https:\/\/www.europesays.com\/fr\/wp-json\/wp\/v2\/categories?post=380824"},{"taxonomy":"post_tag","embeddable":true,"href":"https:\/\/www.europesays.com\/fr\/wp-json\/wp\/v2\/tags?post=380824"}],"curies":[{"name":"wp","href":"https:\/\/api.w.org\/{rel}","templated":true}]}}