{"id":380826,"date":"2025-09-10T18:02:16","date_gmt":"2025-09-10T18:02:16","guid":{"rendered":"https:\/\/www.europesays.com\/fr\/380826\/"},"modified":"2025-09-10T18:02:16","modified_gmt":"2025-09-10T18:02:16","slug":"isack-hadjar-va-defier-sebastien-loeb-et-le-duel-sannonce-enorme","status":"publish","type":"post","link":"https:\/\/www.europesays.com\/fr\/380826\/","title":{"rendered":"Isack Hadjar va d\u00e9fier S\u00e9bastien Loeb et le duel s&rsquo;annonce \u00e9norme"},"content":{"rendered":"<p>Isack Hadjar vers un duel totalement insolite avec &#8230; S\u00e9bastien Loeb. Le jeune pilote de Formule 1, \u00e2g\u00e9 de 20 ans et auteur de son premier podium lors du Grand Prix des Pays-Bas, va affronter le nonuple champion du monde de rallye ce week-end. Alors qu&rsquo;il n&rsquo;y a pas de Formule 1 au programme ce week-end, Hadjar va donc profiter de son \u00ab\u00a0temps libre\u00a0\u00bb pour d\u00e9fier le pilote alsacien samedi 13 septembre lors du festival de sports m\u00e9caniques Red Bull Motormania.<\/p>\n<p>Hadjar vs Loeb, le duel promet<\/p>\n<p>Sur le circuit de Nevers &#8211; Magny-Cours dans la Ni\u00e8vre, Isack Hadjar va d\u00e9fier S\u00e9bastien Loeb lors d&rsquo;un duel qui va en mettre plein les yeux au public. \u00ab\u00a0J\u2019ai h\u00e2te d\u2019y \u00eatre\u00a0\u00bb, avait d\u00e9clar\u00e9 le jeune pilote parisien il y a quelques semaines lors de la pr\u00e9sentation de l\u2019\u00e9v\u00e9nement. Tandis que le public va pouvoir assister \u00e0 des duels in\u00e9dits entre F1, bolides de rallye ou de MotoGP, le duel Hadjar\/Loeb devrait \u00eatre au centre de l&rsquo;attention.<\/p>\n<p>Isack Hadjar sera au volant d\u2019une Red Bull F1 de 2011, tandis que S\u00e9bastien Loeb va conduire la 208 Peugeot avec laquelle il s\u2019est impos\u00e9 \u00e0 Pikes Peak en 2013. \u00ab\u00a0Je serai au volant de la voiture avec laquelle Sebastian Vettel a \u00e9t\u00e9 sacr\u00e9 champion du monde\u00a0\u00bb, a balanc\u00e9 Isack Hadjar, avant de taquiner Loeb en disant : \u00ab\u00a0Mais dommage pour lui, je serai au volant d&rsquo;une F1 donc je devrais le battre\u00a0\u00bb. On a h\u00e2te de suivre ce duel.<\/p>\n<p>    Partagez cette info avec vos amis et vos proches en cliquant ici  <\/p>\n<p> Podcasts \u00e0 la une MEN LIFE <\/p>\n<p>    Pour r\u00e9sumer<\/p>\n<p>Isack Hadjar vers un duel totalement insolite avec &#8230; S\u00e9bastien Loeb. Le jeune pilote de Formule 1, \u00e2g\u00e9 de 20 ans et auteur de son premier podium lors du Grand Prix des Pays-Bas, va affronter le nonuple champion du monde de rallye ce week-end.<\/p>\n<p>R\u00e9dacteur<\/p>\n<p><img decoding=\"async\" width=\"76\" height=\"76\" loading=\"lazy\" src=\"https:\/\/www.europesays.com\/fr\/wp-content\/uploads\/2025\/04\/logo-victor-willems.jpg\" alt=\"Victor Willems\"\/><\/p>\n","protected":false},"excerpt":{"rendered":"Isack Hadjar vers un duel totalement insolite avec &#8230; S\u00e9bastien Loeb. Le jeune pilote de Formule 1, \u00e2g\u00e9&hellip;\n","protected":false},"author":2,"featured_media":380827,"comment_status":"","ping_status":"","sticky":false,"template":"","format":"standard","meta":{"footnotes":""},"categories":[1412],"tags":[1451,1452,1453,1454,1455,1011,27,60],"class_list":{"0":"post-380826","1":"post","2":"type-post","3":"status-publish","4":"format-standard","5":"has-post-thumbnail","7":"category-f1","8":"tag-f1","9":"tag-formula-1","10":"tag-formula1","11":"tag-formule-1","12":"tag-formule1","13":"tag-fr","14":"tag-france","15":"tag-sports"},"share_on_mastodon":{"url":"https:\/\/pubeurope.com\/@fr\/115181318896040695","error":""},"_links":{"self":[{"href":"https:\/\/www.europesays.com\/fr\/wp-json\/wp\/v2\/posts\/380826","targetHints":{"allow":["GET"]}}],"collection":[{"href":"https:\/\/www.europesays.com\/fr\/wp-json\/wp\/v2\/posts"}],"about":[{"href":"https:\/\/www.europesays.com\/fr\/wp-json\/wp\/v2\/types\/post"}],"author":[{"embeddable":true,"href":"https:\/\/www.europesays.com\/fr\/wp-json\/wp\/v2\/users\/2"}],"replies":[{"embeddable":true,"href":"https:\/\/www.europesays.com\/fr\/wp-json\/wp\/v2\/comments?post=380826"}],"version-history":[{"count":0,"href":"https:\/\/www.europesays.com\/fr\/wp-json\/wp\/v2\/posts\/380826\/revisions"}],"wp:featuredmedia":[{"embeddable":true,"href":"https:\/\/www.europesays.com\/fr\/wp-json\/wp\/v2\/media\/380827"}],"wp:attachment":[{"href":"https:\/\/www.europesays.com\/fr\/wp-json\/wp\/v2\/media?parent=380826"}],"wp:term":[{"taxonomy":"category","embeddable":true,"href":"https:\/\/www.europesays.com\/fr\/wp-json\/wp\/v2\/categories?post=380826"},{"taxonomy":"post_tag","embeddable":true,"href":"https:\/\/www.europesays.com\/fr\/wp-json\/wp\/v2\/tags?post=380826"}],"curies":[{"name":"wp","href":"https:\/\/api.w.org\/{rel}","templated":true}]}}