{"id":380830,"date":"2025-09-10T18:04:12","date_gmt":"2025-09-10T18:04:12","guid":{"rendered":"https:\/\/www.europesays.com\/fr\/380830\/"},"modified":"2025-09-10T18:04:12","modified_gmt":"2025-09-10T18:04:12","slug":"ligue-1-textor-quitte-lyon-definitivement","status":"publish","type":"post","link":"https:\/\/www.europesays.com\/fr\/380830\/","title":{"rendered":"Ligue 1 &#8211; Textor quitte Lyon d\u00e9finitivement ?"},"content":{"rendered":"<p><strong><\/p>\n<p>John Textor ne devrait pas refaire d\u2019apparition \u00e0 Lyon. L\u2019Am\u00e9ricain serait en passe de rompre les liens avec les autres investisseurs rhodaniens.<\/p>\n<p><\/strong><\/p>\n<p>Les fans lyonnais ne devraient plus avoir le plaisir de voir le chapeau de cow-boy de <a href=\"https:\/\/www.footmarseille.com\/125894-textor-menace-deviction-totale-deagle-football-group\" rel=\"nofollow noopener\" target=\"_blank\">John Textor<\/a> au Groupama Stadium.<\/p>\n<p>Selon les informations de Canal do Medeiros, le natif de Kirksville <strong>s\u2019appr\u00eate \u00e0 prendre ses distances avec les autres investisseurs<\/strong> du club rhodanien, afin de permettre \u00e0 Botafogo d\u2019int\u00e9grer le pool d\u2019Evangelos Marinakis, propri\u00e9taire de Nottingham Forest.<\/p>\n<p>Les deux hommes se seraient rencontr\u00e9s le week-end dernier pour travailler sur la conclusion de leurs discussions. <strong>L\u2019accord serait quasiment finalis\u00e9<\/strong>, et Textor ne devrait bient\u00f4t plus \u00eatre le propri\u00e9taire majoritaire de Botafogo.<\/p>\n<p>Il restera ensuite \u00e0 r\u00e9gler les probl\u00e8mes entre la formation br\u00e9silienne et Lyon. Les deux formations se livrent une guerre comptable afin de d\u00e9terminer qui doit de l\u2019argent \u00e0 l\u2019autre\u2026<\/p>\n","protected":false},"excerpt":{"rendered":"John Textor ne devrait pas refaire d\u2019apparition \u00e0 Lyon. L\u2019Am\u00e9ricain serait en passe de rompre les liens avec&hellip;\n","protected":false},"author":2,"featured_media":184884,"comment_status":"","ping_status":"","sticky":false,"template":"","format":"standard","meta":{"footnotes":""},"categories":[1410],"tags":[63,1011,27,60],"class_list":{"0":"post-380830","1":"post","2":"type-post","3":"status-publish","4":"format-standard","5":"has-post-thumbnail","7":"category-football","8":"tag-football","9":"tag-fr","10":"tag-france","11":"tag-sports"},"share_on_mastodon":{"url":"https:\/\/pubeurope.com\/@fr\/115181326667868393","error":""},"_links":{"self":[{"href":"https:\/\/www.europesays.com\/fr\/wp-json\/wp\/v2\/posts\/380830","targetHints":{"allow":["GET"]}}],"collection":[{"href":"https:\/\/www.europesays.com\/fr\/wp-json\/wp\/v2\/posts"}],"about":[{"href":"https:\/\/www.europesays.com\/fr\/wp-json\/wp\/v2\/types\/post"}],"author":[{"embeddable":true,"href":"https:\/\/www.europesays.com\/fr\/wp-json\/wp\/v2\/users\/2"}],"replies":[{"embeddable":true,"href":"https:\/\/www.europesays.com\/fr\/wp-json\/wp\/v2\/comments?post=380830"}],"version-history":[{"count":0,"href":"https:\/\/www.europesays.com\/fr\/wp-json\/wp\/v2\/posts\/380830\/revisions"}],"wp:featuredmedia":[{"embeddable":true,"href":"https:\/\/www.europesays.com\/fr\/wp-json\/wp\/v2\/media\/184884"}],"wp:attachment":[{"href":"https:\/\/www.europesays.com\/fr\/wp-json\/wp\/v2\/media?parent=380830"}],"wp:term":[{"taxonomy":"category","embeddable":true,"href":"https:\/\/www.europesays.com\/fr\/wp-json\/wp\/v2\/categories?post=380830"},{"taxonomy":"post_tag","embeddable":true,"href":"https:\/\/www.europesays.com\/fr\/wp-json\/wp\/v2\/tags?post=380830"}],"curies":[{"name":"wp","href":"https:\/\/api.w.org\/{rel}","templated":true}]}}