{"id":380831,"date":"2025-09-10T18:05:13","date_gmt":"2025-09-10T18:05:13","guid":{"rendered":"https:\/\/www.europesays.com\/fr\/380831\/"},"modified":"2025-09-10T18:05:13","modified_gmt":"2025-09-10T18:05:13","slug":"voici-pourquoi-elon-musk-risque-de-ne-plus-etre-lhomme-le-plus-riche-du-monde","status":"publish","type":"post","link":"https:\/\/www.europesays.com\/fr\/380831\/","title":{"rendered":"Voici pourquoi Elon Musk risque de ne plus \u00eatre l\u2019homme le plus riche du monde"},"content":{"rendered":"<p>Larry Ellison, patron de l\u2019entreprise <a href=\"https:\/\/www.20minutes.fr\/dossier\/oracle\" class=\"c-link c-link--is-underlined\" rel=\"nofollow noopener\" target=\"_blank\">Oracle<\/a>, dont le cours a explos\u00e9 ce mercredi \u00e0 <a href=\"https:\/\/www.20minutes.fr\/economie\/wall_street\/\" class=\"c-link c-link--is-underlined\" rel=\"nofollow noopener\" target=\"_blank\">Wall Street<\/a>, pourrait bien d\u00e9passer le milliardaire d\u2019extr\u00eame droite <a href=\"https:\/\/www.20minutes.fr\/dossier\/elon_musk\" class=\"c-link c-link--is-underlined\" rel=\"nofollow noopener\" target=\"_blank\">Elon Musk<\/a> au classement des plus grandes fortunes.<\/p>\n<p>Le patron de Tesla et SpaceX, homme le plus riche du monde avec une fortune estim\u00e9e \u00e0 plus de 400\u00a0milliards de dollars, voit l\u2019\u00e9cart se resserrer avec Larry Ellison, selon le classement en temps r\u00e9el du magazine am\u00e9ricain de r\u00e9f\u00e9rence Forbes.<\/p>\n<p>Guerre d\u2019\u00e9gos (et de porte-monnaies)<\/p>\n<p>L\u2019agence Bloomberg, qui s\u2019appuie sur son propre indice, a elle annonc\u00e9 qu\u2019Ellison avait d\u2019ores et d\u00e9j\u00e0 d\u00e9pass\u00e9 Musk. Larry Ellison profite de l\u2019envol\u00e9e boursi\u00e8re d\u2019Oracle (+\u00a041\u00a0% vers 18h), entreprise qu\u2019il a cofond\u00e9e en\u00a01977.<\/p>\n<p>La soci\u00e9t\u00e9 a ravi les investisseurs \u00e0 Wall Street en annon\u00e7ant que son chiffre d\u2019affaires dans les infrastructures \u00ab\u00a0cloud\u00a0\u00bb (informatique \u00e0 distance) atteindrait 144\u00a0milliards de dollars d\u2019ici\u00a02030 &#8211; contre 10\u00a0milliards en\u00a02025 &#8211; gr\u00e2ce aux besoins croissants pour le d\u00e9veloppement de l\u2019intelligence artificielle (<a href=\"https:\/\/www.20minutes.fr\/dossier\/intelligence_artificielle\" class=\"c-link c-link--is-underlined\" rel=\"nofollow noopener\" target=\"_blank\">IA<\/a>). Larry Ellison poss\u00e8de plus de 41\u00a0% du capital d\u2019Oracle, selon des documents financiers publi\u00e9s par l\u2019entreprise en septembre dernier.<\/p>\n<\/p>\n<p>Musk d\u00e9pass\u00e9 par un autre fan de Trump\u00a0?<\/p>\n<p>Personnage haut en couleurs, le magnat de la tech de 81 ans n\u2019a jamais cach\u00e9 son immense ambition, clamant, \u00e0 la fin des ann\u00e9es 90, qu\u2019il allait rendre Microsoft obsol\u00e8te, puis promettant plus r\u00e9cemment de d\u00e9tr\u00f4ner Amazon sur le cloud.<\/p>\n<p>Sympathisant r\u00e9publicain de longue date, il s\u2019est rapproch\u00e9 de Donald Trump d\u00e8s la premi\u00e8re campagne pr\u00e9sidentielle du promoteur immobilier. Et avait plac\u00e9 des cadres d\u2019Oracle dans l\u2019\u00e9quipe charg\u00e9e en\u00a02016 de pr\u00e9parer la prise de fonction de Trump.<\/p>\n<p>Elon Musk peut toutefois se rassurer\u00a0: sur le long terme, il devrait conforter sa place de champion des plus grosses fortunes mondiales. Il est promis \u00e0 un pactole d\u00e9passant les 1 000 milliards de dollars s\u2019il m\u00e8ne Tesla au triomphe gr\u00e2ce au nouveau plan de r\u00e9mun\u00e9ration concoct\u00e9 par le conseil d\u2019administration du constructeur de v\u00e9hicules \u00e9lectriques.<\/p>\n<p><a href=\"https:\/\/www.20minutes.fr\/monde\/etats-unis\/\" class=\"c-link c-btn c-btn--primary\" rel=\"nofollow noopener\" target=\"_blank\">Plus d&rsquo;articles sur les Etats-Unis<\/a><\/p>\n<p>Ce projet reste toutefois soumis \u00e0 l\u2019approbation des actionnaires, qui l\u2019examineront lors de l\u2019assembl\u00e9e g\u00e9n\u00e9rale de Tesla le 6\u00a0novembre prochain.<\/p>\n","protected":false},"excerpt":{"rendered":"Larry Ellison, patron de l\u2019entreprise Oracle, dont le cours a explos\u00e9 ce mercredi \u00e0 Wall Street, pourrait bien&hellip;\n","protected":false},"author":2,"featured_media":380832,"comment_status":"","ping_status":"","sticky":false,"template":"","format":"standard","meta":{"footnotes":""},"categories":[1359],"tags":[47,340,58,75,33,46,59,1011,27,74,973,45,320,6901],"class_list":{"0":"post-380831","1":"post","2":"type-post","3":"status-publish","4":"format-standard","5":"has-post-thumbnail","7":"category-people","8":"tag-actualite","9":"tag-bourse","10":"tag-divertissement","11":"tag-donald-trump","12":"tag-economie","13":"tag-elon-musk","14":"tag-entertainment","15":"tag-fr","16":"tag-france","17":"tag-monde","18":"tag-people","19":"tag-spacex","20":"tag-tesla","21":"tag-wall-street"},"share_on_mastodon":{"url":"https:\/\/pubeurope.com\/@fr\/115181330597673886","error":""},"_links":{"self":[{"href":"https:\/\/www.europesays.com\/fr\/wp-json\/wp\/v2\/posts\/380831","targetHints":{"allow":["GET"]}}],"collection":[{"href":"https:\/\/www.europesays.com\/fr\/wp-json\/wp\/v2\/posts"}],"about":[{"href":"https:\/\/www.europesays.com\/fr\/wp-json\/wp\/v2\/types\/post"}],"author":[{"embeddable":true,"href":"https:\/\/www.europesays.com\/fr\/wp-json\/wp\/v2\/users\/2"}],"replies":[{"embeddable":true,"href":"https:\/\/www.europesays.com\/fr\/wp-json\/wp\/v2\/comments?post=380831"}],"version-history":[{"count":0,"href":"https:\/\/www.europesays.com\/fr\/wp-json\/wp\/v2\/posts\/380831\/revisions"}],"wp:featuredmedia":[{"embeddable":true,"href":"https:\/\/www.europesays.com\/fr\/wp-json\/wp\/v2\/media\/380832"}],"wp:attachment":[{"href":"https:\/\/www.europesays.com\/fr\/wp-json\/wp\/v2\/media?parent=380831"}],"wp:term":[{"taxonomy":"category","embeddable":true,"href":"https:\/\/www.europesays.com\/fr\/wp-json\/wp\/v2\/categories?post=380831"},{"taxonomy":"post_tag","embeddable":true,"href":"https:\/\/www.europesays.com\/fr\/wp-json\/wp\/v2\/tags?post=380831"}],"curies":[{"name":"wp","href":"https:\/\/api.w.org\/{rel}","templated":true}]}}