{"id":380845,"date":"2025-09-10T18:12:12","date_gmt":"2025-09-10T18:12:12","guid":{"rendered":"https:\/\/www.europesays.com\/fr\/380845\/"},"modified":"2025-09-10T18:12:12","modified_gmt":"2025-09-10T18:12:12","slug":"marie-sophie-obama-quitte-son-poste-de-presidente-deleguee-de-lasvel-feminin-lequipe","status":"publish","type":"post","link":"https:\/\/www.europesays.com\/fr\/380845\/","title":{"rendered":"Marie-Sophie Obama quitte son poste de pr\u00e9sidente d\u00e9l\u00e9gu\u00e9e de l&#039;Asvel f\u00e9minin &#8211; L&#039;\u00c9quipe"},"content":{"rendered":"<ol>\n<li><a href=\"https:\/\/news.google.com\/rss\/articles\/CBMixAFBVV95cUxPT1JLelNRQmdQdGhvaTBLYkNqSU1lZzdWUEJvUi1PN3g0ekhsWWZzMGY4YnVEV1kzQlRuYTJfZWs0dW15TU9UNzlzaE5sc2hiXzFtaHgzWWlOd3NfX0NzWHJWOHQ2MnN0OWhWTk1vclFsdmJaZ09aVktnMVlMZzhRUzQ1VEFWeS1QOGR5LWpQRDBOU1BUQWx1d2RndWJBc05tc2pjTjVwbWQ5VVJybWpSRlhZbHhjOGI0VWpKZVZXWDFMYXBr?oc=5\" target=\"_blank\" rel=\"nofollow noopener\">Marie-Sophie Obama quitte son poste de pr\u00e9sidente d\u00e9l\u00e9gu\u00e9e de l&rsquo;Asvel f\u00e9minin<\/a>&nbsp;&nbsp;L&rsquo;\u00c9quipe<\/li>\n<li><a href=\"https:\/\/news.google.com\/rss\/articles\/CBMihgJBVV95cUxOWXZ0M01DamVSRUpNNlFKTXRUU3RKQ1NOVUp5YmVHTV9WUzM4X0UyZFBfeXd2ajlZNXA5Mm1lNFRjTmFhRWRYZFFxNWplS1FmMjF5NGFWcU84bm1LZ042cDMzUV9sOWpWVTdjRDhYeGxPVnlFcndZVk5LZXlsTVY4TGVSYjBjVmtXaWozQ3dYcnUzNlc2el9XSHRibG5GOEc4OE5QdUtldjNwZ2hPeEwwWkI4UmFWZFcyLXFpcFFDVC1qaE5BTFdIU2t2aXh6aUhGWVBBTVBCeXMxQ2t2cXh4Nnp1OEZ6by1ZWUFBU0dXZUJwX0tHTVVycjVScERGRzVHb1o1SURB?oc=5\" target=\"_blank\" rel=\"nofollow noopener\">Basket. Marie-Sophie Obama, proche de Tony Parker, quitte Lyon-Asvel f\u00e9minin<\/a>&nbsp;&nbsp;Ouest-France<\/li>\n<li><a href=\"https:\/\/news.google.com\/rss\/articles\/CBMilwFBVV95cUxOa2EwdWVFTUJHMFMzYlQzcXRzeHNLQ2RtUWZhWFFMalRQaG5DTUFZRzloWGROd1hYUXhoUlpkQkNFMERNYy1Pbll6TXVoVFhNTi10M1hOeWZjQUFyYXdMaEk4LXpUWGtLMFRTd0ZrY0JoVTBMbTZ2VHhuOTFWenBHLU5OUlRuM0dLWW1KZ0lVS2YtUnR2eHpr?oc=5\" target=\"_blank\" rel=\"nofollow noopener\">Basket &#8211; Ligue f\u00e9minine. Marie-Sophie Obama quitte la pr\u00e9sidence de l\u2019Asvel<\/a>&nbsp;&nbsp;Le Progr\u00e8s<\/li>\n<li><a href=\"https:\/\/news.google.com\/rss\/articles\/CBMitAFBVV95cUxQMVpDNkx0U3U5UENKTTBJTHUzdE5vTzFDMW54ZE9vNVBBRjJsQnJSQ1oyQnhvVW1NX3A1ajlZSFJYb3pId0ZacGJicGQybkRaaHdVakU3LXdha3hvb2hSVGFjMFBkVjZIZnE4OTRLalJoQU42amp2LUlpLUtieUczYmhDRS1fQ0hDdkI4WU1Mb0U4Sl9ZWTlWQnVNY2VzSE93MXJmWnFidkNWM0l3eWcyd3VsUFE?oc=5\" target=\"_blank\" rel=\"nofollow noopener\">MARIE-SOPHIE OBAMA QUITTE L&rsquo;ASVEL F\u00c9MININ APR\u00c8S HUIT ANS \u00c0 LA T\u00caTE DU CLUB<\/a>&nbsp;&nbsp;Radio SCOOP<\/li>\n<li><a href=\"https:\/\/news.google.com\/rss\/articles\/CBMilgFBVV95cUxPTGt6SEk0WTNqcmJpWndNZ0VlRXJhTkllUVJJRnRBSlFJMUUxOWRtSG5WQ2VvOEQ4WXBoRklaRmk0VXJvd3pWbzI4eEFpZFU3VVVSeGdDc0RmNTRmbW9RUHV4dlhpVDd6a3F6amlRdG0ycXk1aUtoSzl1R3owQ2x1bXhFTUliallBR2NGbWpyTFZCdk5BQ2c?oc=5\" target=\"_blank\" rel=\"nofollow noopener\">Marie-Sophie Obama quitte ses fonctions de Pr\u00e9sident d\u00e9l\u00e9gu\u00e9e<\/a>&nbsp;&nbsp;LDLC ASVEL F\u00c9MININ<\/li>\n<\/ol>\n","protected":false},"excerpt":{"rendered":"Marie-Sophie Obama quitte son poste de pr\u00e9sidente d\u00e9l\u00e9gu\u00e9e de l&rsquo;Asvel f\u00e9minin&nbsp;&nbsp;L&rsquo;\u00c9quipe Basket. Marie-Sophie Obama, proche de Tony Parker,&hellip;\n","protected":false},"author":2,"featured_media":380846,"comment_status":"","ping_status":"","sticky":false,"template":"","format":"standard","meta":{"footnotes":""},"categories":[9],"tags":[1011,27,60],"class_list":{"0":"post-380845","1":"post","2":"type-post","3":"status-publish","4":"format-standard","5":"has-post-thumbnail","7":"category-sports","8":"tag-fr","9":"tag-france","10":"tag-sports"},"share_on_mastodon":{"url":"https:\/\/pubeurope.com\/@fr\/115181357979721237","error":""},"_links":{"self":[{"href":"https:\/\/www.europesays.com\/fr\/wp-json\/wp\/v2\/posts\/380845","targetHints":{"allow":["GET"]}}],"collection":[{"href":"https:\/\/www.europesays.com\/fr\/wp-json\/wp\/v2\/posts"}],"about":[{"href":"https:\/\/www.europesays.com\/fr\/wp-json\/wp\/v2\/types\/post"}],"author":[{"embeddable":true,"href":"https:\/\/www.europesays.com\/fr\/wp-json\/wp\/v2\/users\/2"}],"replies":[{"embeddable":true,"href":"https:\/\/www.europesays.com\/fr\/wp-json\/wp\/v2\/comments?post=380845"}],"version-history":[{"count":0,"href":"https:\/\/www.europesays.com\/fr\/wp-json\/wp\/v2\/posts\/380845\/revisions"}],"wp:featuredmedia":[{"embeddable":true,"href":"https:\/\/www.europesays.com\/fr\/wp-json\/wp\/v2\/media\/380846"}],"wp:attachment":[{"href":"https:\/\/www.europesays.com\/fr\/wp-json\/wp\/v2\/media?parent=380845"}],"wp:term":[{"taxonomy":"category","embeddable":true,"href":"https:\/\/www.europesays.com\/fr\/wp-json\/wp\/v2\/categories?post=380845"},{"taxonomy":"post_tag","embeddable":true,"href":"https:\/\/www.europesays.com\/fr\/wp-json\/wp\/v2\/tags?post=380845"}],"curies":[{"name":"wp","href":"https:\/\/api.w.org\/{rel}","templated":true}]}}