{"id":380848,"date":"2025-09-10T18:14:11","date_gmt":"2025-09-10T18:14:11","guid":{"rendered":"https:\/\/www.europesays.com\/fr\/380848\/"},"modified":"2025-09-10T18:14:11","modified_gmt":"2025-09-10T18:14:11","slug":"football-manager-fait-son-retour-avec-plein-de-nouveautes-culture-foot-jeux-video","status":"publish","type":"post","link":"https:\/\/www.europesays.com\/fr\/380848\/","title":{"rendered":"Football Manager fait son retour avec plein de nouveaut\u00e9s &#8211; Culture Foot &#8211; Jeux vid\u00e9o"},"content":{"rendered":"<p>Enfin !<\/p>\n<p>Apr\u00e8s <a target=\"_blank\" href=\"https:\/\/www.sofoot.com\/breves\/catastrophe-football-manager-25-ne-sortira-pas\" rel=\"nofollow noopener\">un an d\u2019attente et de frustration<\/a>, la date est enfin tomb\u00e9e : <strong>Sports Interactive a officiellement annonc\u00e9 la sortie de Football Manager 26<\/strong>. Les directeurs sportifs virtuels peuvent donc cocher la date du<strong> 4 novembre prochain<\/strong> sur leur calendrier, alors que les pr\u00e9commandes sont d\u00e9j\u00e0 possibles (avec 10% de r\u00e9duction).\u00a0\u00ab\u00a0FM26 marquera un tournant dans notre qu\u00eate pour produire l\u2019exp\u00e9rience de gestion de football parfaite et tout le studio est incroyablement impatient de la partager avec le monde entier\u202f\u00bb, a promis Miles Jacobson, le big boss de Sports Interactive.<\/p>\n<p>Deux ans pour tout chambouler<\/p>\n<p>Si le studio a pris deux ans pour pondre ce nouveau volet, c\u2019est bien que les nouveaut\u00e9s vont pleuvoir. Au-del\u00e0 des am\u00e9liorations graphiques et des nouvelles animations, la <strong>premi\u00e8re r\u00e9volution est de voir le foot f\u00e9minin faire enfin son entr\u00e9e dans FM.<\/strong> Comme dans EA Sports FC, un nouveau monde s\u2019ouvre aux managers en herbe. De la m\u00eame mani\u00e8re,<strong> la Premier League sera cette fois sous licence<\/strong>.<\/p>\n<p>Autre r\u00e9volution : <strong>FM26 arrive sur consoles<\/strong>. Oui, vous avez bien lu. PlayStation et Xbox vont enfin pouvoir accueillir le saint Graal de la gestion footballistique sans se prendre la t\u00eate avec un vieux PC qui crache ses tripes.<\/p>\n<p>Les nuits blanches sont de retour.<\/p>\n<p>\t\t\t\t\t\t\t\t\t\t<a class=\"lien-connexe\" href=\"https:\/\/www.sofoot.com\/articles\/ce-quon-aime-lors-des-matchs-de-la-zone-afrique\" rel=\"nofollow noopener\" target=\"_blank\">Ce qu\u2019on a aim\u00e9 lors des matchs de la zone Afrique<\/a>\t\t\t\t\t<\/p>\n","protected":false},"excerpt":{"rendered":"Enfin ! Apr\u00e8s un an d\u2019attente et de frustration, la date est enfin tomb\u00e9e : Sports Interactive a&hellip;\n","protected":false},"author":2,"featured_media":380849,"comment_status":"","ping_status":"","sticky":false,"template":"","format":"standard","meta":{"footnotes":""},"categories":[7],"tags":[47,61,69,65,64,63,1011,27,68,66,62,70,43,40,41,39,67,42,44],"class_list":{"0":"post-380848","1":"post","2":"type-post","3":"status-publish","4":"format-standard","5":"has-post-thumbnail","7":"category-sciences-et-technologies","8":"tag-actualite","9":"tag-actus-football","10":"tag-bundesliga","11":"tag-championnats-europeens","12":"tag-equipe-de-france","13":"tag-football","14":"tag-fr","15":"tag-france","16":"tag-ligua","17":"tag-ligue-1","18":"tag-news-foot","19":"tag-premier-league","20":"tag-science","21":"tag-science-and-technology","22":"tag-sciences","23":"tag-sciences-et-technologies","24":"tag-serie-a","25":"tag-technologies","26":"tag-technology"},"share_on_mastodon":{"url":"https:\/\/pubeurope.com\/@fr\/115181366075298016","error":""},"_links":{"self":[{"href":"https:\/\/www.europesays.com\/fr\/wp-json\/wp\/v2\/posts\/380848","targetHints":{"allow":["GET"]}}],"collection":[{"href":"https:\/\/www.europesays.com\/fr\/wp-json\/wp\/v2\/posts"}],"about":[{"href":"https:\/\/www.europesays.com\/fr\/wp-json\/wp\/v2\/types\/post"}],"author":[{"embeddable":true,"href":"https:\/\/www.europesays.com\/fr\/wp-json\/wp\/v2\/users\/2"}],"replies":[{"embeddable":true,"href":"https:\/\/www.europesays.com\/fr\/wp-json\/wp\/v2\/comments?post=380848"}],"version-history":[{"count":0,"href":"https:\/\/www.europesays.com\/fr\/wp-json\/wp\/v2\/posts\/380848\/revisions"}],"wp:featuredmedia":[{"embeddable":true,"href":"https:\/\/www.europesays.com\/fr\/wp-json\/wp\/v2\/media\/380849"}],"wp:attachment":[{"href":"https:\/\/www.europesays.com\/fr\/wp-json\/wp\/v2\/media?parent=380848"}],"wp:term":[{"taxonomy":"category","embeddable":true,"href":"https:\/\/www.europesays.com\/fr\/wp-json\/wp\/v2\/categories?post=380848"},{"taxonomy":"post_tag","embeddable":true,"href":"https:\/\/www.europesays.com\/fr\/wp-json\/wp\/v2\/tags?post=380848"}],"curies":[{"name":"wp","href":"https:\/\/api.w.org\/{rel}","templated":true}]}}