{"id":380850,"date":"2025-09-10T18:15:15","date_gmt":"2025-09-10T18:15:15","guid":{"rendered":"https:\/\/www.europesays.com\/fr\/380850\/"},"modified":"2025-09-10T18:15:15","modified_gmt":"2025-09-10T18:15:15","slug":"la-cma-cgm-a-besoin-de-1-000-nouveaux-marins-par-an","status":"publish","type":"post","link":"https:\/\/www.europesays.com\/fr\/380850\/","title":{"rendered":"La CMA-CGM a besoin de 1.000 nouveaux marins par an"},"content":{"rendered":"<p>Bonne nouvelle sur le front de l\u2019\u00e9conomie pour une soci\u00e9t\u00e9 fran\u00e7aise. L\u2019armateur <a href=\"https:\/\/www.20minutes.fr\/marseille\/\" class=\"c-link c-link--is-underlined\" target=\"_blank\" rel=\"noopener\">marseillais <\/a><a href=\"https:\/\/www.20minutes.fr\/economie\/cma-cgm\/\" class=\"c-link c-link--is-underlined\" target=\"_blank\" rel=\"noopener\">CMA-CGM<\/a> a besoin de bras sur ses bateaux. Le 3e transporteur de <a href=\"https:\/\/www.20minutes.fr\/dossier\/fret\" class=\"c-link c-link--is-underlined\" target=\"_blank\" rel=\"noopener\">fret <\/a>maritime au monde va recruter d\u2019ici\u00a02030 4.000 nouveaux marins dans le monde au rythme de 1.000 par an, a-t-il confirm\u00e9 \u00e0 20 Minutes apr\u00e8s une publication dans <a href=\"https:\/\/www.ouest-france.fr\/economie\/economie-de-la-mer\/1-000-marins-par-an-larmateur-cma-cgm-devoile-un-important-plan-de-recrutement-b5c9b8ae-8cc2-11f0-a86a-c405a2987708\" target=\"_blank\" class=\"c-link c-link--is-underlined\" rel=\"noopener\">Ouest-France<\/a>.<\/p>\n<p>Cette croissance d\u2019effectif est n\u00e9cessaire pour accompagner celle de sa flotte en propri\u00e9t\u00e9 qui passera de 350 navires actuellement \u00e0 475 d\u2019ici\u00a02030.<\/p>\n<p>Doublement des effectifs form\u00e9s en France<\/p>\n<p>Toutefois, l\u2019essentiel des recrutements de ces nouveaux personnels navigants se fera \u00e0 l\u2019\u00e9tranger, pour beaucoup des marins indiens et indon\u00e9siens. Mais le groupe, qui emploie d\u00e9j\u00e0 20.000 personnes en France dont 1.200 marins, et parmi ceux-ci 425 officiers, souhaite pouvoir augmenter sa part de personnels navigants recrut\u00e9s en France, notamment gr\u00e2ce au doublement l\u2019an prochain de la taille des promotions de l\u2019\u00c9cole nationale sup\u00e9rieure maritime, qui forme actuellement chaque ann\u00e9e environ 250 marins et officiers et dont 20\u00a0% sont imm\u00e9diatement employ\u00e9s par la CMA-CGM.<\/p>\n<p>L\u2019entreprise de <a href=\"https:\/\/www.20minutes.fr\/economie\/rodolphe-saade\/\" class=\"c-link c-link--is-underlined\" target=\"_blank\" rel=\"noopener\">Rodolphe Saad\u00e9<\/a>, \u00e9galement propri\u00e9taire de m\u00e9dias comme RMC, BFMTV, La Provence et la Tribune Dimanche, entend \u00e9galement amorcer la f\u00e9minisation de son personnel navigant, qui repr\u00e9sente moins de 2\u00a0% de ses effectifs, en se donnant l\u2019objectif de recruter 500 femmes marins en\u00a02026.<\/p>\n<\/p>\n<p>Afin de susciter des vocations, la CMA-CGM a command\u00e9 au m\u00e9dia vid\u00e9o Brut, avec lequel il est en n\u00e9gociation exclusive de rachat, une mini-s\u00e9rie de portraits de membres d\u2019\u00e9quipages.<\/p>\n<p>Ces derni\u00e8res ann\u00e9es la soci\u00e9t\u00e9 de fret maritime a connu une croissance rapide, portant son chiffre d\u2019affaires \u00e0 55,5\u00a0milliards de dollars en\u00a02024.<\/p>\n","protected":false},"excerpt":{"rendered":"Bonne nouvelle sur le front de l\u2019\u00e9conomie pour une soci\u00e9t\u00e9 fran\u00e7aise. L\u2019armateur marseillais CMA-CGM a besoin de bras&hellip;\n","protected":false},"author":2,"featured_media":380851,"comment_status":"","ping_status":"","sticky":false,"template":"","format":"standard","meta":{"footnotes":""},"categories":[6],"tags":[47,885,35,215,33,34,341,1011,27,884,11678,883,882,24250],"class_list":{"0":"post-380850","1":"post","2":"type-post","3":"status-publish","4":"format-standard","5":"has-post-thumbnail","7":"category-economie","8":"tag-actualite","9":"tag-bouches-du-rhone","10":"tag-business","11":"tag-commerce","12":"tag-economie","13":"tag-economy","14":"tag-emploi","15":"tag-fr","16":"tag-france","17":"tag-marseille","18":"tag-navire","19":"tag-paca","20":"tag-provence-alpes-cote-dazur","21":"tag-rodolphe-saade"},"share_on_mastodon":{"url":"https:\/\/pubeurope.com\/@fr\/115181369687559394","error":""},"_links":{"self":[{"href":"https:\/\/www.europesays.com\/fr\/wp-json\/wp\/v2\/posts\/380850","targetHints":{"allow":["GET"]}}],"collection":[{"href":"https:\/\/www.europesays.com\/fr\/wp-json\/wp\/v2\/posts"}],"about":[{"href":"https:\/\/www.europesays.com\/fr\/wp-json\/wp\/v2\/types\/post"}],"author":[{"embeddable":true,"href":"https:\/\/www.europesays.com\/fr\/wp-json\/wp\/v2\/users\/2"}],"replies":[{"embeddable":true,"href":"https:\/\/www.europesays.com\/fr\/wp-json\/wp\/v2\/comments?post=380850"}],"version-history":[{"count":0,"href":"https:\/\/www.europesays.com\/fr\/wp-json\/wp\/v2\/posts\/380850\/revisions"}],"wp:featuredmedia":[{"embeddable":true,"href":"https:\/\/www.europesays.com\/fr\/wp-json\/wp\/v2\/media\/380851"}],"wp:attachment":[{"href":"https:\/\/www.europesays.com\/fr\/wp-json\/wp\/v2\/media?parent=380850"}],"wp:term":[{"taxonomy":"category","embeddable":true,"href":"https:\/\/www.europesays.com\/fr\/wp-json\/wp\/v2\/categories?post=380850"},{"taxonomy":"post_tag","embeddable":true,"href":"https:\/\/www.europesays.com\/fr\/wp-json\/wp\/v2\/tags?post=380850"}],"curies":[{"name":"wp","href":"https:\/\/api.w.org\/{rel}","templated":true}]}}