{"id":380862,"date":"2025-09-10T18:21:57","date_gmt":"2025-09-10T18:21:57","guid":{"rendered":"https:\/\/www.europesays.com\/fr\/380862\/"},"modified":"2025-09-10T18:21:57","modified_gmt":"2025-09-10T18:21:57","slug":"nancy-un-homme-sechappe-des-urgences-psychiatriques-et-agresse-plusieurs-personnes-avec-un-objet-tranchant","status":"publish","type":"post","link":"https:\/\/www.europesays.com\/fr\/380862\/","title":{"rendered":"Nancy. Un homme s&rsquo;\u00e9chappe des urgences psychiatriques et agresse plusieurs personnes avec un objet tranchant"},"content":{"rendered":"<p>            Par<br \/>\n        <strong><br \/>\n            <a href=\"https:\/\/actu.fr\/auteur\/pierre-emile-bouchy-actu-fr\" title=\"Consulter tous les articles de Paul-Emile Bouchy\" rel=\"nofollow noopener\" target=\"_blank\">Paul-Emile Bouchy<\/a><br \/>\n        <\/strong><\/p>\n<p>        Publi\u00e9 le<\/p>\n<p>            10 sept. 2025 \u00e0 12h03        <\/p>\n<p>Mardi 9\u00a0septembre, dans l\u2019apr\u00e8s-midi, <strong>un homme a \u00e9t\u00e9 interpell\u00e9<\/strong> par la <a href=\"https:\/\/actu.fr\/tag\/police\" rel=\"nofollow noopener\" target=\"_blank\">police<\/a> dans un bar pr\u00e8s du boulevard Lobau \u00e0 <a href=\"https:\/\/actu.fr\/grand-est\/nancy_54395\" rel=\"nofollow noopener\" target=\"_blank\">Nancy<\/a> (Meurthe-et-Moselle).<\/p>\n<p class=\" wall-content\"><strong>\u00c9chapp\u00e9 des urgences psychiatriques, il a agress\u00e9 plusieurs personnes avec un objet tranchant<\/strong> avant son interpellation.<\/p>\n<p>Les policiers le ma\u00eetrisent avec un taser<\/p>\n<p class=\" wall-content\">D\u2019apr\u00e8s nos informations, l\u2019homme avait \u00e9t\u00e9 admis aux urgences psychiatriques de l\u2019h\u00f4pital Central et pr\u00e9sentait une \u00ab\u2009importante blessure au cou\u2009\u00bb. Apr\u00e8s s\u2019\u00eatre \u00e9chapp\u00e9 de l\u2019h\u00f4pital, <strong>il a err\u00e9 dans le quartier avec un objet tranchant<\/strong>.<\/p>\n<p class=\" wall-content\">Arriv\u00e9 au niveau de la place Loritz, <strong>il a agress\u00e9 des passants puis est rentr\u00e9 dans le bar-tabac o\u00f9 il a agress\u00e9 d\u2019autres personnes.<\/strong> Un homme pr\u00e9sent a tent\u00e9 de le ma\u00eetriser jusqu\u2019\u00e0 l\u2019arriv\u00e9e de plusieurs \u00e9quipages de police. Sur place, <strong>les policiers ont d\u00fb utiliser leurs pistolets \u00e0 impulsion \u00e9lectrique (ou tasers)<\/strong> pour ma\u00eetriser l\u2019individu.<\/p>\n<p class=\" wall-content\">Il a ensuite \u00e9t\u00e9 ramen\u00e9 aux urgences. L\u2019homme qui l\u2019a maintenu dans le commerce a \u00e9galement \u00e9t\u00e9 transport\u00e9 l\u2019h\u00f4pital. Trois policiers ont effectu\u00e9 des examens apr\u00e8s avoir \u00e9t\u00e9 en contact avec le sang du forcen\u00e9.<\/p>\n<p class=\" wall-content\">Personnalisez votre actualit\u00e9 en ajoutant vos villes et m\u00e9dias en favori avec <a href=\"https:\/\/moncompte.actu.fr\" title=\"D\u00e9couvez Mon Actu\" rel=\"nofollow noopener\" data-trk=\"{&quot;cta&quot;:{&quot;action&quot;:&quot;https:\\\/\\\/moncompte.actu.fr&quot;,&quot;category&quot;:&quot;mon compte&quot;,&quot;from&quot;:&quot;article footer&quot;,&quot;name&quot;:&quot;Mon actu&quot;,&quot;type&quot;:&quot;cta&quot;}}\" target=\"_blank\">Mon Actu<\/a>.<\/p>\n","protected":false},"excerpt":{"rendered":"Par Paul-Emile Bouchy Publi\u00e9 le 10 sept. 2025 \u00e0 12h03 Mardi 9\u00a0septembre, dans l\u2019apr\u00e8s-midi, un homme a \u00e9t\u00e9&hellip;\n","protected":false},"author":2,"featured_media":311970,"comment_status":"","ping_status":"","sticky":false,"template":"","format":"standard","meta":{"footnotes":""},"categories":[9635],"tags":[1111,11,1777,674,118,1011,27,775,1702,12,1072,25],"class_list":{"0":"post-380862","1":"post","2":"type-post","3":"status-publish","4":"format-standard","5":"has-post-thumbnail","7":"category-nancy","8":"tag-actu","9":"tag-actualites","10":"tag-eu","11":"tag-europe","12":"tag-faits-divers","13":"tag-fr","14":"tag-france","15":"tag-grand-est","16":"tag-nancy","17":"tag-news","18":"tag-police","19":"tag-republique-francaise"},"share_on_mastodon":{"url":"https:\/\/pubeurope.com\/@fr\/115181397166902133","error":""},"_links":{"self":[{"href":"https:\/\/www.europesays.com\/fr\/wp-json\/wp\/v2\/posts\/380862","targetHints":{"allow":["GET"]}}],"collection":[{"href":"https:\/\/www.europesays.com\/fr\/wp-json\/wp\/v2\/posts"}],"about":[{"href":"https:\/\/www.europesays.com\/fr\/wp-json\/wp\/v2\/types\/post"}],"author":[{"embeddable":true,"href":"https:\/\/www.europesays.com\/fr\/wp-json\/wp\/v2\/users\/2"}],"replies":[{"embeddable":true,"href":"https:\/\/www.europesays.com\/fr\/wp-json\/wp\/v2\/comments?post=380862"}],"version-history":[{"count":0,"href":"https:\/\/www.europesays.com\/fr\/wp-json\/wp\/v2\/posts\/380862\/revisions"}],"wp:featuredmedia":[{"embeddable":true,"href":"https:\/\/www.europesays.com\/fr\/wp-json\/wp\/v2\/media\/311970"}],"wp:attachment":[{"href":"https:\/\/www.europesays.com\/fr\/wp-json\/wp\/v2\/media?parent=380862"}],"wp:term":[{"taxonomy":"category","embeddable":true,"href":"https:\/\/www.europesays.com\/fr\/wp-json\/wp\/v2\/categories?post=380862"},{"taxonomy":"post_tag","embeddable":true,"href":"https:\/\/www.europesays.com\/fr\/wp-json\/wp\/v2\/tags?post=380862"}],"curies":[{"name":"wp","href":"https:\/\/api.w.org\/{rel}","templated":true}]}}