{"id":380863,"date":"2025-09-10T18:23:31","date_gmt":"2025-09-10T18:23:31","guid":{"rendered":"https:\/\/www.europesays.com\/fr\/380863\/"},"modified":"2025-09-10T18:23:31","modified_gmt":"2025-09-10T18:23:31","slug":"du-monde-dans-la-rue-et-sur-les-ronds-points","status":"publish","type":"post","link":"https:\/\/www.europesays.com\/fr\/380863\/","title":{"rendered":"du monde dans la rue et sur les ronds-points"},"content":{"rendered":"<p>Le rendez-vous a \u00e9t\u00e9 fix\u00e9 il y a un bon moment d\u00e9j\u00e0. Les vacances sont pass\u00e9es. Tranquillement. Puis la mayonnaise est mont\u00e9e et a pris. Et comme liant, la nomination de <a href=\"https:\/\/www.estrepublicain.fr\/p\/sebastien-lecornu\" target=\"_blank\" rel=\"noopener\">S\u00e9bastien Lecornu<\/a> au poste de Premier ministre n\u2019a fait qu\u2019intensifier la motivation de ceux ayant d\u00e9cid\u00e9 de bloquer le pays.<\/p>\n<p>\u00c0 Heillecourt, dans le rond-point de L\u2019Espinette, \u00e0 un saut de puce de Botanic, les gilets jaunes historiques sont, \u00e9videmment,&#8230;<\/p>\n","protected":false},"excerpt":{"rendered":"Le rendez-vous a \u00e9t\u00e9 fix\u00e9 il y a un bon moment d\u00e9j\u00e0. Les vacances sont pass\u00e9es. Tranquillement. Puis&hellip;\n","protected":false},"author":2,"featured_media":380864,"comment_status":"","ping_status":"","sticky":false,"template":"","format":"standard","meta":{"footnotes":""},"categories":[9635],"tags":[1111,11,9671,1704,1777,674,1011,27,775,3457,1702,1703,12,316,25,801,104],"class_list":{"0":"post-380863","1":"post","2":"type-post","3":"status-publish","4":"format-standard","5":"has-post-thumbnail","7":"category-nancy","8":"tag-actu","9":"tag-actualites","10":"tag-conflit-social","11":"tag-edition-nancy-et-agglomeration","12":"tag-eu","13":"tag-europe","14":"tag-fr","15":"tag-france","16":"tag-grand-est","17":"tag-meurthe-et-moselle","18":"tag-nancy","19":"tag-nancy-ville-54b","20":"tag-news","21":"tag-politique","22":"tag-republique-francaise","23":"tag-social","24":"tag-societe"},"share_on_mastodon":{"url":"https:\/\/pubeurope.com\/@fr\/115181401171619184","error":""},"_links":{"self":[{"href":"https:\/\/www.europesays.com\/fr\/wp-json\/wp\/v2\/posts\/380863","targetHints":{"allow":["GET"]}}],"collection":[{"href":"https:\/\/www.europesays.com\/fr\/wp-json\/wp\/v2\/posts"}],"about":[{"href":"https:\/\/www.europesays.com\/fr\/wp-json\/wp\/v2\/types\/post"}],"author":[{"embeddable":true,"href":"https:\/\/www.europesays.com\/fr\/wp-json\/wp\/v2\/users\/2"}],"replies":[{"embeddable":true,"href":"https:\/\/www.europesays.com\/fr\/wp-json\/wp\/v2\/comments?post=380863"}],"version-history":[{"count":0,"href":"https:\/\/www.europesays.com\/fr\/wp-json\/wp\/v2\/posts\/380863\/revisions"}],"wp:featuredmedia":[{"embeddable":true,"href":"https:\/\/www.europesays.com\/fr\/wp-json\/wp\/v2\/media\/380864"}],"wp:attachment":[{"href":"https:\/\/www.europesays.com\/fr\/wp-json\/wp\/v2\/media?parent=380863"}],"wp:term":[{"taxonomy":"category","embeddable":true,"href":"https:\/\/www.europesays.com\/fr\/wp-json\/wp\/v2\/categories?post=380863"},{"taxonomy":"post_tag","embeddable":true,"href":"https:\/\/www.europesays.com\/fr\/wp-json\/wp\/v2\/tags?post=380863"}],"curies":[{"name":"wp","href":"https:\/\/api.w.org\/{rel}","templated":true}]}}