{"id":380875,"date":"2025-09-10T18:29:14","date_gmt":"2025-09-10T18:29:14","guid":{"rendered":"https:\/\/www.europesays.com\/fr\/380875\/"},"modified":"2025-09-10T18:29:14","modified_gmt":"2025-09-10T18:29:14","slug":"voici-les-rendez-vous-a-noter","status":"publish","type":"post","link":"https:\/\/www.europesays.com\/fr\/380875\/","title":{"rendered":"Voici les rendez-vous \u00e0 noter"},"content":{"rendered":"<p>            Par<br \/>\n        <strong><br \/>\n            <a href=\"https:\/\/actu.fr\/auteur\/jessie-leclerc\" title=\"Consulter tous les articles de Jessie Leclerc\" rel=\"nofollow noopener\" target=\"_blank\">Jessie Leclerc<\/a><br \/>\n        <\/strong><\/p>\n<p>        Publi\u00e9 le<\/p>\n<p>            10 sept. 2025 \u00e0 20h08        <\/p>\n<p>Nouveau cadre juridique, nouvelle direction\u2026 Si l\u2019identit\u00e9 du<strong> Parc des Expositions<\/strong> <a href=\"https:\/\/actu.fr\/normandie\/rouen_76540\" rel=\"nofollow noopener\" target=\"_blank\">de Rouen (Seine-Maritime)<\/a>, \u00e0 savoir celle de pr\u00e9senter toute l\u2019ann\u00e9e des salons, congr\u00e8s et spectacles, reste inchang\u00e9e, le lieu se transforme tout de m\u00eame. Fid\u00e8le \u00e0 ses incontournables, le site promet \u00e9galement quelques surprises. On vous explique.<\/p>\n<p>Une gestion diff\u00e9rente<\/p>\n<p class=\" wall-content\">Depuis le 1er\u00a0janvier 2025, le Parc des Expositions de Rouen a chang\u00e9 de mod\u00e8le. Jusqu\u2019alors g\u00e9r\u00e9 par une association, il d\u00e9pend d\u00e9sormais d\u2019un <strong>Contrat de D\u00e9l\u00e9gation de Service Public<\/strong> confi\u00e9 \u00e0 la Soci\u00e9t\u00e9 Publique Locale (SPL) <strong>Rouen Normandie \u00c9v\u00e8nements<\/strong>.<\/p>\n<p class=\" wall-content\">Avec un budget de 5 \u00e0 6\u00a0millions d\u2019euros par an, l\u2019enjeu du site est clair\u2009: \u00ab\u2009devenir <a href=\"https:\/\/actu.fr\/loisirs-culture\/seine-maritime-attractivite-paye-pour-devoiler-les-richesses-du-departement-sur-google-street-view_61966748.html\" rel=\"nofollow noopener\" target=\"_blank\">un outil d\u2019attractivit\u00e9<\/a> et de soutien au tissu \u00e9conomique\u2009\u00bb, souligne Christine de Cintr\u00e9, pr\u00e9sidente de la SPL.<\/p>\n<p class=\" wall-content\">C\u00f4t\u00e9 direction, c\u2019est <strong>Arnaud Zumaglia<\/strong> qui a pris les r\u00eanes en juin dernier. Apr\u00e8s des exp\u00e9riences chez Total, Susuki ou encore au PSG, il entend impulser une nouvelle dynamique.<\/p>\n<p>Des nouveaut\u00e9s \u00e0 pr\u00e9voir<\/p>\n<p class=\" wall-content\">\u00ab\u2009Bien \u00e9videmment on a une partie de <a href=\"https:\/\/actu.fr\/76actu\/evenements\" rel=\"nofollow noopener\" target=\"_blank\">la programmation qui se renouvelle<\/a>, mais on est en train de travailler tr\u00e8s s\u00e9rieusement avec toutes les \u00e9quipes sur une nouvelle programmation\u2009\u00bb, confie le nouveau directeur.<\/p>\n<p class=\" wall-content\">Bien qu\u2019il ne donne aucun d\u00e9tail sur ces <strong>futurs projets<\/strong>, il assure que le site va \u00ab\u2009continuer de se diversifier et de voir plus grand\u2009\u00bb. Il va falloir attendre encore quelques semaines pour savoir de quoi il en tient.<\/p>\n<p>Le retour des grands classiques<\/p>\n<p class=\" wall-content\">Les grands classiques, produits par le Parc des Expositions, continuent d\u2019animer le calendrier.<\/p>\n<p class=\" wall-content\"><strong>Cr\u00e9ativa \u2013<\/strong> La 23e \u00e9dition du salon de loisirs cr\u00e9atifs s\u2019annonce haute en couleurs. Du 25 au 28\u00a0septembre 2025, une centaine d\u2019exposants seront r\u00e9partis sur 6\u2009000\u00a0m2. Couture, c\u00e9ramique, broderie ou encore d\u00e9coration seront mis en lumi\u00e8re.<\/p>\n<p>Votre r\u00e9gion, votre actu !<\/p>\n<p>Recevez chaque jour les infos qui comptent pour vous.<\/p>\n<p>\t<a href=\"https:\/\/actu.fr\/newsletter\" class=\"ac-btn ac-btn--corner ac-btn--medium ac-btn--blue800\" rel=\"nofollow noopener\" target=\"_blank\">S&rsquo;incrire<\/a><\/p>\n<p class=\" wall-content\">La nouveaut\u00e9 cette ann\u00e9e, un p\u00f4le Made in Normandie et un d\u00e9fi couture solidaire au profit de la recherche contre le cancer du sein, avec la participation de trois influenceuses\u2009: <a href=\"https:\/\/www.facebook.com\/Vinydiy\/?locale=fr_FR\" rel=\"nofollow noopener\" target=\"_blank\">Viny DIY<\/a>, <a href=\"https:\/\/www.youtube.com\/channel\/UCLxnZDEAHYrUqFNPiNlKoZw\" rel=\"nofollow noopener\" target=\"_blank\">By Jen Cr\u00e9ations<\/a> et <a href=\"https:\/\/www.facebook.com\/MelleMalabar\/?locale=fr_FR\" rel=\"nofollow noopener\" target=\"_blank\">Melle Malabar<\/a>. Environ 15\u2009000\u00a0visiteurs sont attendus.<\/p>\n<p class=\" wall-content\"><strong>Habitat D\u00e9co Jardin \u2013<\/strong> Du 3 au 5\u00a0octobre 2025, une centaine d\u2019exposants proposeront des conseils et des solutions pour construire, r\u00e9nover ou am\u00e9nager sa maison, comme son ext\u00e9rieur. Plusieurs ateliers, de la ma\u00e7onnerie au relooking de meubles ainsi qu\u2019une fresque participative sur la Normandie viendront enrichir le programme.<\/p>\n<p class=\" wall-content\"><strong>Salon Gourmand et Beer Days \u2013<\/strong> Du 7 au 9\u00a0novembre, le Parc des Expositions met les papilles \u00e0 l\u2019honneur avec un double rendez-vous. Pour sa 17e \u00e9dition, <a href=\"https:\/\/actu.fr\/normandie\/rouen_76540\/interview-norbert-tarayre-invite-salon-gourmand-rouen-jaime-cuisine-astucieuse_19479991.html\" rel=\"nofollow noopener\" target=\"_blank\">le Salon Gourmand<\/a> r\u00e9unira plus de 250\u00a0exposants, dont 85 vignerons, autour de 10\u2009000\u00a0m2 d\u00e9di\u00e9s aux plaisirs culinaires. Produits du terroir et nouvelles tendances seront \u00e0 l\u2019honneur.<\/p>\n<p class=\" wall-content\">En parall\u00e8le, la bi\u00e8re artisanale sera c\u00e9l\u00e9br\u00e9e avec 40 brasseurs et artisans. Les trois jours seront anim\u00e9s par des ateliers, des d\u00e9monstrations de chefs, des d\u00e9gustations et des d\u00e9ambulations musicales.<\/p>\n<p class=\" wall-content\">Quant \u00e0 la mythique Foire Internationale de Rouen, qui revient en 2026, son th\u00e8me reste encore secret.<\/p>\n<p>Des \u00e9v\u00e9nements ext\u00e9rieurs<\/p>\n<p class=\" wall-content\">En plus d\u2019organiser ses propres salons, le parc met \u00e0 disposition ses espaces d\u2019expositions \u00e0<strong> des prestataires<\/strong>. Ainsi, se tiendront aussi les salons Auto et Moto du 24 au 26\u00a0octobre, le <a href=\"https:\/\/actu.fr\/normandie\/rouen_76540\/le-salon-de-l-erotisme-de-rouen-dans-le-viseur-des-ecolos-l-organisatrice-repond_61010583.html\" rel=\"nofollow noopener\" target=\"_blank\">salon de l\u2019\u00e9rotisme<\/a> les 1er et 2\u00a0novembre, le salon du mariage du 7 au 9\u00a0novembre ou encore Studirama le 15\u00a0novembre. Et bien d\u2019autres encore.<\/p>\n<p class=\" wall-content\">Les animaux ne seront pas en reste avec la 25e \u00e9dition d\u2019Equi Seine du 20 au 23\u00a0novembre 2025, un salon du cheval ponctu\u00e9 <a href=\"https:\/\/actu.fr\/normandie\/port-jerome-sur-seine_76476\/de-l-equitation-sans-cheval-c-est-quoi-ce-concours-de-hobby-horse-organise-en-seine-maritime_62889095.html\" rel=\"nofollow noopener\" target=\"_blank\">de v\u00e9ritables comp\u00e9titions<\/a>, et l\u2019exposition canine des 6 et 7\u00a0d\u00e9cembre 2025.<\/p>\n<p class=\" wall-content\">De son c\u00f4t\u00e9, <strong>le Salon Auto Moto R\u00e9tro<\/strong>, <a href=\"https:\/\/actu.fr\/normandie\/rouen_76540\/mouvement-du-10-septembre-et-gens-du-voyage-a-rouen-cet-evenement-prefere-reporter_63111184.html\" rel=\"nofollow noopener\" target=\"_blank\">sera finalement report\u00e9<\/a>\u2009: en cause, le mouvement du 10 septembre et l\u2019installation de gens du voyage. Aucune date n\u2019est encore donn\u00e9e.<\/p>\n<p>Suivez l\u2019actualit\u00e9 de Rouen <a href=\"https:\/\/www.whatsapp.com\/channel\/0029VaKfnf99hXF2ddApFB1D\" rel=\"nofollow noopener\" target=\"_blank\">sur notre cha\u00eene WhatsApp<\/a> et <a href=\"https:\/\/www.tiktok.com\/@76actu.fr?lang=fr\" rel=\"nofollow noopener\" target=\"_blank\">sur notre compte TikTok<\/a><\/p>\n<p class=\" wall-content\">Personnalisez votre actualit\u00e9 en ajoutant vos villes et m\u00e9dias en favori avec <a href=\"https:\/\/moncompte.actu.fr\" title=\"D\u00e9couvez Mon Actu\" rel=\"nofollow noopener\" data-trk=\"{&quot;cta&quot;:{&quot;action&quot;:&quot;https:\\\/\\\/moncompte.actu.fr&quot;,&quot;category&quot;:&quot;mon compte&quot;,&quot;from&quot;:&quot;article footer&quot;,&quot;name&quot;:&quot;Mon actu&quot;,&quot;type&quot;:&quot;cta&quot;}}\" target=\"_blank\">Mon Actu<\/a>.<\/p>\n<p>                    <script async src=\"\/\/www.tiktok.com\/embed.js\"><\/script><\/p>\n","protected":false},"excerpt":{"rendered":"Par Jessie Leclerc Publi\u00e9 le 10 sept. 2025 \u00e0 20h08 Nouveau cadre juridique, nouvelle direction\u2026 Si l\u2019identit\u00e9 du&hellip;\n","protected":false},"author":2,"featured_media":380876,"comment_status":"","ping_status":"","sticky":false,"template":"","format":"standard","meta":{"footnotes":""},"categories":[9587],"tags":[1111,11,9086,1777,674,1011,27,1652,12,5161,9636,25,9590,853],"class_list":{"0":"post-380875","1":"post","2":"type-post","3":"status-publish","4":"format-standard","5":"has-post-thumbnail","7":"category-rouen","8":"tag-actu","9":"tag-actualites","10":"tag-bon-plan-a-rouen","11":"tag-eu","12":"tag-europe","13":"tag-fr","14":"tag-france","15":"tag-loisirs-culture","16":"tag-news","17":"tag-normandie","18":"tag-parc-expo-de-rouen","19":"tag-republique-francaise","20":"tag-rouen","21":"tag-spectacles"},"share_on_mastodon":{"url":"https:\/\/pubeurope.com\/@fr\/115181424662362074","error":""},"_links":{"self":[{"href":"https:\/\/www.europesays.com\/fr\/wp-json\/wp\/v2\/posts\/380875","targetHints":{"allow":["GET"]}}],"collection":[{"href":"https:\/\/www.europesays.com\/fr\/wp-json\/wp\/v2\/posts"}],"about":[{"href":"https:\/\/www.europesays.com\/fr\/wp-json\/wp\/v2\/types\/post"}],"author":[{"embeddable":true,"href":"https:\/\/www.europesays.com\/fr\/wp-json\/wp\/v2\/users\/2"}],"replies":[{"embeddable":true,"href":"https:\/\/www.europesays.com\/fr\/wp-json\/wp\/v2\/comments?post=380875"}],"version-history":[{"count":0,"href":"https:\/\/www.europesays.com\/fr\/wp-json\/wp\/v2\/posts\/380875\/revisions"}],"wp:featuredmedia":[{"embeddable":true,"href":"https:\/\/www.europesays.com\/fr\/wp-json\/wp\/v2\/media\/380876"}],"wp:attachment":[{"href":"https:\/\/www.europesays.com\/fr\/wp-json\/wp\/v2\/media?parent=380875"}],"wp:term":[{"taxonomy":"category","embeddable":true,"href":"https:\/\/www.europesays.com\/fr\/wp-json\/wp\/v2\/categories?post=380875"},{"taxonomy":"post_tag","embeddable":true,"href":"https:\/\/www.europesays.com\/fr\/wp-json\/wp\/v2\/tags?post=380875"}],"curies":[{"name":"wp","href":"https:\/\/api.w.org\/{rel}","templated":true}]}}