{"id":38088,"date":"2025-04-20T05:23:11","date_gmt":"2025-04-20T05:23:11","guid":{"rendered":"https:\/\/www.europesays.com\/fr\/38088\/"},"modified":"2025-04-20T05:23:11","modified_gmt":"2025-04-20T05:23:11","slug":"face-a-caen-lattaquant-de-martigues-se-paie-kylian-mbappe-en-imitant-sa-celebration","status":"publish","type":"post","link":"https:\/\/www.europesays.com\/fr\/38088\/","title":{"rendered":"face \u00e0 Caen, l\u2019attaquant de Martigues se paie Kylian Mbapp\u00e9 en imitant sa c\u00e9l\u00e9bration"},"content":{"rendered":"<p>            <a href=\"https:\/\/www.lefigaro.fr\/sports\/football\/ligue-des-champions\/ligue-des-champions-je-ne-pensais-pas-qu-ils-feraient-ca-a-un-enfant-un-jeune-de-13-ans-exclu-du-stade-pour-avoir-celebre-un-but-du-psg-20250416\" class=\"fig-ranking-profile-link\" data-fig-domain=\"LEFIGARO\" target=\"_blank\" rel=\"noopener\"><\/p>\n<p>        Ligue des champions\u00a0: \u00abJe ne pensais pas qu\u2019ils feraient \u00e7a \u00e0 un enfant\u00bb, un jeune de 13 ans exclu du stade pour avoir c\u00e9l\u00e9br\u00e9 un but du PSG<\/p>\n<p>                                                                        <\/a><\/p>\n<p>        <img   class=\"fig-img fig-ranking-profile-media-small-picture__photo\" alt=\"Ligue des champions\u00a0: \u00abJe ne pensais pas qu\u2019ils feraient \u00e7a \u00e0 un enfant\u00bb, un jeune de 13 ans exclu du stade pour avoir c\u00e9l\u00e9br\u00e9 un but du PSG\" height=\"518\" width=\"921\"\/><\/p>\n<p class=\"fig-ranking-profile-standfirst\">\n    Ce mardi, pendant le quart de finale retour de la Ligue des champions entre Aston Villa et le Paris-Saint-Germain, un enfant a \u00e9t\u00e9 \u00e9vinc\u00e9 du stade pour avoir c\u00e9l\u00e9br\u00e9 un but du club de la capitale.\n<\/p>\n<p>            <a href=\"https:\/\/www.lefigaro.fr\/sports\/football\/equipe-de-france\/faire-la-paix-avec-deschamps-jamais-christophe-dugarry-revient-sur-sa-relation-compliquee-avec-didier-deschamps-20250416\" class=\"fig-ranking-profile-link\" data-fig-domain=\"LEFIGARO\" target=\"_blank\" rel=\"noopener\"><\/p>\n<p>        \u00abFaire la paix avec Deschamps\u00a0? Jamais\u00bb: Dugarry revient sur sa relation compliqu\u00e9e avec le s\u00e9lectionneur des Bleus<\/p>\n<p>                                                                        <\/a><\/p>\n<p>        <img   class=\"fig-img fig-ranking-profile-media-small-picture__photo\" alt=\"\u00abFaire la paix avec Deschamps\u00a0? Jamais\u00bb: Dugarry revient sur sa relation compliqu\u00e9e avec le s\u00e9lectionneur des Bleus\" height=\"2000\" width=\"3000\"\/><\/p>\n<p class=\"fig-ranking-profile-standfirst\">\n    Interrog\u00e9, ce mercredi, dans les colonnes du quotidien italien la Gazzetta dello Sport, Christophe Dugarry, bri\u00e8vement pass\u00e9 en Serie A, est revenu sur sa relation avec Didier Deschamps, les Bleus et Zin\u00e9dine Zidane.\n<\/p>\n<p>            <a href=\"https:\/\/www.lefigaro.fr\/sports\/football\/ligue-des-champions\/ligue-des-champions-le-real-madrid-et-mbappe-ridiculises-par-arsenal-prennent-la-porte-en-quart-de-finale-20250416\" class=\"fig-ranking-profile-link\" data-fig-domain=\"LEFIGARO\" target=\"_blank\" rel=\"noopener\"><\/p>\n<p>        Real Madrid-Arsenal\u00a0: ridiculis\u00e9s par Arsenal, les Madril\u00e8nes et Mbapp\u00e9 prennent la porte en quart de finale<\/p>\n<p>                                                                        <\/a><\/p>\n<p>        <img   class=\"fig-img fig-ranking-profile-media-small-picture__photo\" alt=\"Real Madrid-Arsenal\u00a0: ridiculis\u00e9s par Arsenal, les Madril\u00e8nes et Mbapp\u00e9 prennent la porte en quart de finale\" height=\"1490\" width=\"2650\"\/><\/p>\n<p class=\"fig-ranking-profile-standfirst\">\n    Apr\u00e8s son lourd revers \u00e0 Londres, le Real Madrid s\u2019est de nouveau inclin\u00e9 piteusement face \u00e0 Arsenal (1-2) et abandonne sa couronne continentale. Les retrouvailles entre Kylian Mbapp\u00e9 et le Paris-SG en demi-finale n\u2019auront pas lieu.<\/p>\n","protected":false},"excerpt":{"rendered":"Ligue des champions\u00a0: \u00abJe ne pensais pas qu\u2019ils feraient \u00e7a \u00e0 un enfant\u00bb, un jeune de 13 ans&hellip;\n","protected":false},"author":2,"featured_media":38089,"comment_status":"","ping_status":"","sticky":false,"template":"","format":"standard","meta":{"footnotes":""},"categories":[1412],"tags":[454,69,5492,448,83,451,64,450,449,1451,1452,1453,1454,1455,1011,27,452,6477,4977,453,66,446,447,12045,70,60,455],"class_list":{"0":"post-38088","1":"post","2":"type-post","3":"status-publish","4":"format-standard","5":"has-post-thumbnail","7":"category-f1","8":"tag-ballon-dor","9":"tag-bundesliga","10":"tag-caen","11":"tag-champions-league","12":"tag-coupe-de-france","13":"tag-coupe-du-monde","14":"tag-equipe-de-france","15":"tag-euro","16":"tag-europa-league","17":"tag-f1","18":"tag-formula-1","19":"tag-formula1","20":"tag-formule-1","21":"tag-formule1","22":"tag-fr","23":"tag-france","24":"tag-italie","25":"tag-kylian-mbappe","26":"tag-le-scan-sport","27":"tag-liga","28":"tag-ligue-1","29":"tag-ligue-2","30":"tag-ligue-des-champions","31":"tag-martigues","32":"tag-premier-league","33":"tag-sports","34":"tag-uefa"},"share_on_mastodon":{"url":"https:\/\/pubeurope.com\/@fr\/114368623646059889","error":""},"_links":{"self":[{"href":"https:\/\/www.europesays.com\/fr\/wp-json\/wp\/v2\/posts\/38088","targetHints":{"allow":["GET"]}}],"collection":[{"href":"https:\/\/www.europesays.com\/fr\/wp-json\/wp\/v2\/posts"}],"about":[{"href":"https:\/\/www.europesays.com\/fr\/wp-json\/wp\/v2\/types\/post"}],"author":[{"embeddable":true,"href":"https:\/\/www.europesays.com\/fr\/wp-json\/wp\/v2\/users\/2"}],"replies":[{"embeddable":true,"href":"https:\/\/www.europesays.com\/fr\/wp-json\/wp\/v2\/comments?post=38088"}],"version-history":[{"count":0,"href":"https:\/\/www.europesays.com\/fr\/wp-json\/wp\/v2\/posts\/38088\/revisions"}],"wp:featuredmedia":[{"embeddable":true,"href":"https:\/\/www.europesays.com\/fr\/wp-json\/wp\/v2\/media\/38089"}],"wp:attachment":[{"href":"https:\/\/www.europesays.com\/fr\/wp-json\/wp\/v2\/media?parent=38088"}],"wp:term":[{"taxonomy":"category","embeddable":true,"href":"https:\/\/www.europesays.com\/fr\/wp-json\/wp\/v2\/categories?post=38088"},{"taxonomy":"post_tag","embeddable":true,"href":"https:\/\/www.europesays.com\/fr\/wp-json\/wp\/v2\/tags?post=38088"}],"curies":[{"name":"wp","href":"https:\/\/api.w.org\/{rel}","templated":true}]}}