{"id":380885,"date":"2025-09-10T18:34:14","date_gmt":"2025-09-10T18:34:14","guid":{"rendered":"https:\/\/www.europesays.com\/fr\/380885\/"},"modified":"2025-09-10T18:34:14","modified_gmt":"2025-09-10T18:34:14","slug":"eckbolsheim-une-soiree-conviviale-qui-na-rien-a-voir-avec-la-politique-succes-pour-prolongeons-lete","status":"publish","type":"post","link":"https:\/\/www.europesays.com\/fr\/380885\/","title":{"rendered":"Eckbolsheim. \u00ab Une soir\u00e9e conviviale qui n\u2019a rien \u00e0 voir avec la politique\u00a0\u00bb \u00a0: succ\u00e8s pour Prolongeons l\u2019\u00e9t\u00e9"},"content":{"rendered":"<p>Un renouveau pour Eckbo\u00a0 est \u00e0 la fois le nom du groupe minoritaire conduit par Fran\u00e7ois Jouan au conseil municipal et celui d\u2019une association cr\u00e9\u00e9e dans la foul\u00e9e des \u00e9lections municipales du 7\u00a0avril\u00a02024 qui ont suivi le d\u00e9c\u00e8s d\u2019Andr\u00e9 Lobstein. <\/p>\n<p>Fond\u00e9e le 19\u00a0juin\u00a02024, elle a pour objectif de \u00ab\u00a0porter des actions pour et avec les personnes qui habitent Eckbolsheim et qui souhaitent s\u2019investir pour une ville audacieuse, joyeuse, durable et solidaire\u00a0\u00bb, est-il \u00e9crit&#8230;<\/p>\n","protected":false},"excerpt":{"rendered":"Un renouveau pour Eckbo\u00a0 est \u00e0 la fois le nom du groupe minoritaire conduit par Fran\u00e7ois Jouan au&hellip;\n","protected":false},"author":2,"featured_media":380886,"comment_status":"","ping_status":"","sticky":false,"template":"","format":"standard","meta":{"footnotes":""},"categories":[2820],"tags":[1111,11,1687,11353,2880,1777,674,1011,27,775,12,25,640,3089],"class_list":{"0":"post-380885","1":"post","2":"type-post","3":"status-publish","4":"format-standard","5":"has-post-thumbnail","7":"category-strasbourg","8":"tag-actu","9":"tag-actualites","10":"tag-culture-loisirs","11":"tag-eckbolsheim","12":"tag-edition-strasbourg","13":"tag-eu","14":"tag-europe","15":"tag-fr","16":"tag-france","17":"tag-grand-est","18":"tag-news","19":"tag-republique-francaise","20":"tag-strasbourg","21":"tag-strasbourg-sud"},"share_on_mastodon":{"url":"https:\/\/pubeurope.com\/@fr\/115181444469685167","error":""},"_links":{"self":[{"href":"https:\/\/www.europesays.com\/fr\/wp-json\/wp\/v2\/posts\/380885","targetHints":{"allow":["GET"]}}],"collection":[{"href":"https:\/\/www.europesays.com\/fr\/wp-json\/wp\/v2\/posts"}],"about":[{"href":"https:\/\/www.europesays.com\/fr\/wp-json\/wp\/v2\/types\/post"}],"author":[{"embeddable":true,"href":"https:\/\/www.europesays.com\/fr\/wp-json\/wp\/v2\/users\/2"}],"replies":[{"embeddable":true,"href":"https:\/\/www.europesays.com\/fr\/wp-json\/wp\/v2\/comments?post=380885"}],"version-history":[{"count":0,"href":"https:\/\/www.europesays.com\/fr\/wp-json\/wp\/v2\/posts\/380885\/revisions"}],"wp:featuredmedia":[{"embeddable":true,"href":"https:\/\/www.europesays.com\/fr\/wp-json\/wp\/v2\/media\/380886"}],"wp:attachment":[{"href":"https:\/\/www.europesays.com\/fr\/wp-json\/wp\/v2\/media?parent=380885"}],"wp:term":[{"taxonomy":"category","embeddable":true,"href":"https:\/\/www.europesays.com\/fr\/wp-json\/wp\/v2\/categories?post=380885"},{"taxonomy":"post_tag","embeddable":true,"href":"https:\/\/www.europesays.com\/fr\/wp-json\/wp\/v2\/tags?post=380885"}],"curies":[{"name":"wp","href":"https:\/\/api.w.org\/{rel}","templated":true}]}}