{"id":380893,"date":"2025-09-10T18:38:11","date_gmt":"2025-09-10T18:38:11","guid":{"rendered":"https:\/\/www.europesays.com\/fr\/380893\/"},"modified":"2025-09-10T18:38:11","modified_gmt":"2025-09-10T18:38:11","slug":"le-museum-de-nantes-fetera-ses-150-ans-les-20-et-21-septembre-2","status":"publish","type":"post","link":"https:\/\/www.europesays.com\/fr\/380893\/","title":{"rendered":"Le mus\u00e9um de Nantes f\u00eatera ses 150\u00a0ans les 20 et 21\u00a0septembre"},"content":{"rendered":"<p><a href=\"https:\/\/nantes.maville.com\/actu\/actudet_-le-museum-de-nantes-restera-ouvert-jusqu-a-fin-2025-et-il-prepare-sa-mue-_8-6598673_actu.Htm\" target=\"_self\" rel=\"nofollow noopener\">Le mus\u00e9um d\u2019histoire naturelle<\/a> est l\u2019un des lieux pr\u00e9f\u00e9r\u00e9s des Nantais. C\u2019est aussi l\u2019un des plus importants de France. Depuis 1875, il est install\u00e9 place de la Monnaie, \u00e0 Nantes. Des g\u00e9n\u00e9rations l\u2019ont fr\u00e9quent\u00e9, souvent en famille, pour d\u00e9couvrir les collections d\u2019oiseaux, de min\u00e9raux et de plein d\u2019autres tr\u00e9sors.<\/p>\n<p>Pour ses 150\u00a0ans, un programme a \u00e9t\u00e9 concoct\u00e9 par l\u2019\u00e9quipe de Philippe Guillet, directeur, avec concerts, expositions, films, conf\u00e9rences, ateliers et animations. L\u2019anniversaire sera f\u00eat\u00e9 samedi\u00a020 et dimanche 21\u00a0septembre, pendant les journ\u00e9es du patrimoine et du matrimoine. L\u2019occasion de rappeler que le mus\u00e9um pr\u00e9pare se mue et sera ferm\u00e9 \u00e0 partir de 2026 pour faire les travaux.<\/p>\n<p>\u00a0<\/p>\n","protected":false},"excerpt":{"rendered":"Le mus\u00e9um d\u2019histoire naturelle est l\u2019un des lieux pr\u00e9f\u00e9r\u00e9s des Nantais. C\u2019est aussi l\u2019un des plus importants de&hellip;\n","protected":false},"author":2,"featured_media":380769,"comment_status":"","ping_status":"","sticky":false,"template":"","format":"standard","meta":{"footnotes":""},"categories":[2818],"tags":[6540,4307,22729,1111,11,1764,1777,674,51402,1011,27,38792,766,12,2636,25,3272,395],"class_list":{"0":"post-380893","1":"post","2":"type-post","3":"status-publish","4":"format-standard","5":"has-post-thumbnail","7":"category-nantes","8":"tag-6540","9":"tag-4307","10":"tag-22729","11":"tag-actu","12":"tag-actualites","13":"tag-ans","14":"tag-eu","15":"tag-europe","16":"tag-fetera","17":"tag-fr","18":"tag-france","19":"tag-museum","20":"tag-nantes","21":"tag-news","22":"tag-pays-de-la-loire","23":"tag-republique-francaise","24":"tag-saint-nazaire","25":"tag-septembre"},"share_on_mastodon":{"url":"https:\/\/pubeurope.com\/@fr\/115181460141844316","error":""},"_links":{"self":[{"href":"https:\/\/www.europesays.com\/fr\/wp-json\/wp\/v2\/posts\/380893","targetHints":{"allow":["GET"]}}],"collection":[{"href":"https:\/\/www.europesays.com\/fr\/wp-json\/wp\/v2\/posts"}],"about":[{"href":"https:\/\/www.europesays.com\/fr\/wp-json\/wp\/v2\/types\/post"}],"author":[{"embeddable":true,"href":"https:\/\/www.europesays.com\/fr\/wp-json\/wp\/v2\/users\/2"}],"replies":[{"embeddable":true,"href":"https:\/\/www.europesays.com\/fr\/wp-json\/wp\/v2\/comments?post=380893"}],"version-history":[{"count":0,"href":"https:\/\/www.europesays.com\/fr\/wp-json\/wp\/v2\/posts\/380893\/revisions"}],"wp:featuredmedia":[{"embeddable":true,"href":"https:\/\/www.europesays.com\/fr\/wp-json\/wp\/v2\/media\/380769"}],"wp:attachment":[{"href":"https:\/\/www.europesays.com\/fr\/wp-json\/wp\/v2\/media?parent=380893"}],"wp:term":[{"taxonomy":"category","embeddable":true,"href":"https:\/\/www.europesays.com\/fr\/wp-json\/wp\/v2\/categories?post=380893"},{"taxonomy":"post_tag","embeddable":true,"href":"https:\/\/www.europesays.com\/fr\/wp-json\/wp\/v2\/tags?post=380893"}],"curies":[{"name":"wp","href":"https:\/\/api.w.org\/{rel}","templated":true}]}}