{"id":380898,"date":"2025-09-10T18:41:11","date_gmt":"2025-09-10T18:41:11","guid":{"rendered":"https:\/\/www.europesays.com\/fr\/380898\/"},"modified":"2025-09-10T18:41:11","modified_gmt":"2025-09-10T18:41:11","slug":"la-colere-monte-crescendo-liberation","status":"publish","type":"post","link":"https:\/\/www.europesays.com\/fr\/380898\/","title":{"rendered":"\u00abLa col\u00e8re monte crescendo\u00bb \u2013 Lib\u00e9ration"},"content":{"rendered":"<p class=\"sc-cPiKLX AiZTS text-element\">A Bordeaux, la col\u00e8re avait plusieurs visages <a href=\"https:\/\/www.liberation.fr\/economie\/social\/il-y-a-beaucoup-trop-de-flics-a-paris-les-manifestants-de-bloquons-tout-dechantent-face-au-dispositif-policier-20250910_5QYOCWMBT5BTXPSNETJCQWYSC4\/\" target=\"_blank\" rel=\"nofollow noopener\" title=\"https:\/\/www.liberation.fr\/economie\/social\/il-y-a-beaucoup-trop-de-flics-a-paris-les-manifestants-de-bloquons-tout-dechantent-face-au-dispositif-policier-20250910_5QYOCWMBT5BTXPSNETJCQWYSC4\/\">ce mercredi 10 septembre<\/a>, tout comme les revendications. La jeunesse en premi\u00e8re ligne. Dans la foule compacte, place des Quinconces, Petra, Sehala et Blu, \u00e9tudiantes infirmi\u00e8res au CHU, ont d\u00e9nonc\u00e9 un h\u00f4pital \u00e0 bout de souffle. \u00abOn est maltrait\u00e9es alors qu\u2019on n\u2019a m\u00eame pas commenc\u00e9 \u00e0 bosser\u00bb, l\u00e2chait Petra, \u00e9galement militante \u00e0 R\u00e9volution permanente. \u00abL\u2019an dernier, un bout de plafond s\u2019est carr\u00e9ment effondr\u00e9 \u00e0 la maternit\u00e9\u2026 s\u2019indigne le trio. Quand on d\u00e9bloque des milliards pour la guerre, on peut sauver l\u2019h\u00f4pital !\u00bb Rendez-vous est pris : les militantes de gauche seront de retour dans la rue <a href=\"https:\/\/www.liberation.fr\/economie\/social\/budget-les-syndicats-appellent-a-se-mobiliser-y-compris-par-la-greve-le-18-septembre-20250829_L7FDRPXEDNGE5IGQXRDN3OAAYA\/\" target=\"_blank\" rel=\"nofollow noopener\" title=\"https:\/\/www.liberation.fr\/economie\/social\/budget-les-syndicats-appellent-a-se-mobiliser-y-compris-par-la-greve-le-18-septembre-20250829_L7FDRPXEDNGE5IGQXRDN3OAAYA\/\">le 18 septembre<\/a> pour continuer \u00e0  <\/p>\n","protected":false},"excerpt":{"rendered":"A Bordeaux, la col\u00e8re avait plusieurs visages ce mercredi 10 septembre, tout comme les revendications. La jeunesse en&hellip;\n","protected":false},"author":2,"featured_media":380899,"comment_status":"","ping_status":"","sticky":false,"template":"","format":"standard","meta":{"footnotes":""},"categories":[2817],"tags":[1111,11,47212,1997,1777,674,1011,27,12,2219,25],"class_list":{"0":"post-380898","1":"post","2":"type-post","3":"status-publish","4":"format-standard","5":"has-post-thumbnail","7":"category-bordeaux","8":"tag-actu","9":"tag-actualites","10":"tag-bloquons-tout","11":"tag-bordeaux","12":"tag-eu","13":"tag-europe","14":"tag-fr","15":"tag-france","16":"tag-news","17":"tag-nouvelle-aquitaine","18":"tag-republique-francaise"},"share_on_mastodon":{"url":"https:\/\/pubeurope.com\/@fr\/115181471989612035","error":""},"_links":{"self":[{"href":"https:\/\/www.europesays.com\/fr\/wp-json\/wp\/v2\/posts\/380898","targetHints":{"allow":["GET"]}}],"collection":[{"href":"https:\/\/www.europesays.com\/fr\/wp-json\/wp\/v2\/posts"}],"about":[{"href":"https:\/\/www.europesays.com\/fr\/wp-json\/wp\/v2\/types\/post"}],"author":[{"embeddable":true,"href":"https:\/\/www.europesays.com\/fr\/wp-json\/wp\/v2\/users\/2"}],"replies":[{"embeddable":true,"href":"https:\/\/www.europesays.com\/fr\/wp-json\/wp\/v2\/comments?post=380898"}],"version-history":[{"count":0,"href":"https:\/\/www.europesays.com\/fr\/wp-json\/wp\/v2\/posts\/380898\/revisions"}],"wp:featuredmedia":[{"embeddable":true,"href":"https:\/\/www.europesays.com\/fr\/wp-json\/wp\/v2\/media\/380899"}],"wp:attachment":[{"href":"https:\/\/www.europesays.com\/fr\/wp-json\/wp\/v2\/media?parent=380898"}],"wp:term":[{"taxonomy":"category","embeddable":true,"href":"https:\/\/www.europesays.com\/fr\/wp-json\/wp\/v2\/categories?post=380898"},{"taxonomy":"post_tag","embeddable":true,"href":"https:\/\/www.europesays.com\/fr\/wp-json\/wp\/v2\/tags?post=380898"}],"curies":[{"name":"wp","href":"https:\/\/api.w.org\/{rel}","templated":true}]}}