{"id":38090,"date":"2025-04-20T05:24:09","date_gmt":"2025-04-20T05:24:09","guid":{"rendered":"https:\/\/www.europesays.com\/fr\/38090\/"},"modified":"2025-04-20T05:24:09","modified_gmt":"2025-04-20T05:24:09","slug":"alex-baudin-cetait-un-peu-trop-long-actualite","status":"publish","type":"post","link":"https:\/\/www.europesays.com\/fr\/38090\/","title":{"rendered":"Alex Baudin : \u00ab C\u2019\u00e9tait un peu trop long \u00bb &#8211; Actualit\u00e9"},"content":{"rendered":"<p style=\"text-align: justify;\"><strong>Alex Baudin n\u2019a pas \u00e9t\u00e9 loin de r\u00e9ussir son premier joli coup sous ses nouvelles couleurs. Apr\u00e8s\u00a0une p\u00e9riode difficile pour ses d\u00e9buts chez EF Education-EasyPost en raison de diff\u00e9rentes chutes et maladies, le Savoyard a longtemps jou\u00e9 une place sur le podium de la Fl\u00e8che braban\u00e7onne (1.Pro), ce vendredi, avant d\u2019\u00eatre repris dans la derni\u00e8re ascension par le premier groupe de contre, derri\u00e8re le duo infernal compos\u00e9 de Remco Evenepoel et Wout van Aert (<strong><a href=\"https:\/\/www.directvelo.com\/actualite\/120024\/fleche-brabanconne-classement\" target=\"_blank\" rel=\"nofollow noopener\">voir classement<\/a><\/strong>). \u201cIl a manqu\u00e9 un peu de vent de dos\u201d, rigole l\u2019attaquant aupr\u00e8s de DirectVelo, dans la zone d\u2019arriv\u00e9e, lorsqu\u2019on lui demande ce qui aurait pu faire pencher la balance du bon c\u00f4t\u00e9 pour monter sur la bo\u00eete. \u201cDu vent de dos et des jambes, aussi. Quand j\u2019y suis all\u00e9, c\u2019\u00e9tait encore assez loin de l\u2019arriv\u00e9e, je ne suis pas le meilleur pour produire de la puissance sur le plat assis sur la selle. C\u2019est encore un axe de progression\u201d. L\u2019appui du Norv\u00e9gien Andreas Leknessund dans les tous derniers kilom\u00e8tres n\u2019aura rien chang\u00e9. \u201cPeut-\u00eatre qu\u2019avec un coureur en plus, \u00e7a aurait pu le faire. Et encore, m\u00eame \u00e0 trois\u2026 Le peloton arrivait tr\u00e8s vite derri\u00e8re, je pense que \u00e7a ne l\u2019aurait pas fait quand m\u00eame\u201d, admet-il. <br \/>L\u2019athl\u00e8te de 23 ans a appr\u00e9ci\u00e9 sa d\u00e9couverte de l\u2019\u00e9preuve. \u201cC\u2019\u00e9tait ma premi\u00e8re fois ici, j\u2019aime bien ce genre de courses, m\u00eame si c\u2019est tr\u00e8s nerveux \u00e0 l\u2019approche des bosses et que je ne suis pas le plus dou\u00e9 pour me placer. Je me suis d\u2019ailleurs retrouv\u00e9 bloqu\u00e9 \u00e0 deux tours de l\u2019arriv\u00e9e et j\u2019ai d\u00fb sauter de groupe en groupe pour remonter. J\u2019ai tent\u00e9 ma chance dans la derni\u00e8re bosse mais malheureusement, \u00e7a n\u2019a pas \u00e9t\u00e9 suffisant\u201d.<br \/>Apr\u00e8s un hiver \u201ctr\u00e8s compliqu\u00e9\u201d, le voil\u00e0 donc de retour en bonne forme gr\u00e2ce \u00e0 un bon Tour du Pays Basque, qui lui a \u201cpermis de remettre en route\u201d. Id\u00e9alement, Alex Baudin aurait aim\u00e9 encha\u00eener avec l\u2019Amstel Gold Race, une course qui, sur le papier, lui convient tr\u00e8s bien. Mais il n\u2019en sera rien. \u201cJ\u2019aurais bien aim\u00e9 la faire mais c\u2019est la direction qui d\u00e9cide\u201d. Il sera en revanche align\u00e9 sur la Fl\u00e8che Wallonne et Li\u00e8ge-Bastogne-Li\u00e8ge, au milieu d\u2019un collectif homog\u00e8ne et ambitieux. \u201cOn aura plusieurs cartes \u00e0 jouer. On fera en fonction des jambes de chacun. Ici, tout le monde s\u2019entraide et on sait se rendre la pareille\u201d. Viendra ensuite, sans doute, le Tour de Romandie, \u201cpas loin de la maison, pour ajouter des jours de course\u201d, avant de mettre fin au premier gros bloc de la saison.\u00a0 <\/strong><\/p>\n","protected":false},"excerpt":{"rendered":"Alex Baudin n\u2019a pas \u00e9t\u00e9 loin de r\u00e9ussir son premier joli coup sous ses nouvelles couleurs. Apr\u00e8s\u00a0une p\u00e9riode&hellip;\n","protected":false},"author":2,"featured_media":38091,"comment_status":"","ping_status":"","sticky":false,"template":"","format":"standard","meta":{"footnotes":""},"categories":[1411],"tags":[834,828,836,829,837,827,83,826,824,823,1154,207,814,817,815,816,822,821,832,211,839,1011,27,820,818,819,835,831,830,833,838,60,212,208,825],"class_list":{"0":"post-38090","1":"post","2":"type-post","3":"status-publish","4":"format-standard","5":"has-post-thumbnail","7":"category-cyclisme","8":"tag-attaque","9":"tag-belgique","10":"tag-braquet","11":"tag-bretagne","12":"tag-chute","13":"tag-competition","14":"tag-coupe-de-france","15":"tag-coureur","16":"tag-course-cyclisme","17":"tag-course-cycliste","18":"tag-cycling","19":"tag-cyclisme","20":"tag-direct","21":"tag-direct-velo","22":"tag-directvelo","23":"tag-directvelo-com","24":"tag-epreuve","25":"tag-epreuve-cycliste","26":"tag-federation-francaise-de-cyclisme","27":"tag-ffc","28":"tag-flandres","29":"tag-fr","30":"tag-france","31":"tag-live","32":"tag-live-course","33":"tag-live-epreuve","34":"tag-peloton","35":"tag-radio-peloton","36":"tag-radio-tour","37":"tag-ravitaillement","38":"tag-relance","39":"tag-sports","40":"tag-uci","41":"tag-velo","42":"tag-velos"},"share_on_mastodon":{"url":"https:\/\/pubeurope.com\/@fr\/114368627607801053","error":""},"_links":{"self":[{"href":"https:\/\/www.europesays.com\/fr\/wp-json\/wp\/v2\/posts\/38090","targetHints":{"allow":["GET"]}}],"collection":[{"href":"https:\/\/www.europesays.com\/fr\/wp-json\/wp\/v2\/posts"}],"about":[{"href":"https:\/\/www.europesays.com\/fr\/wp-json\/wp\/v2\/types\/post"}],"author":[{"embeddable":true,"href":"https:\/\/www.europesays.com\/fr\/wp-json\/wp\/v2\/users\/2"}],"replies":[{"embeddable":true,"href":"https:\/\/www.europesays.com\/fr\/wp-json\/wp\/v2\/comments?post=38090"}],"version-history":[{"count":0,"href":"https:\/\/www.europesays.com\/fr\/wp-json\/wp\/v2\/posts\/38090\/revisions"}],"wp:featuredmedia":[{"embeddable":true,"href":"https:\/\/www.europesays.com\/fr\/wp-json\/wp\/v2\/media\/38091"}],"wp:attachment":[{"href":"https:\/\/www.europesays.com\/fr\/wp-json\/wp\/v2\/media?parent=38090"}],"wp:term":[{"taxonomy":"category","embeddable":true,"href":"https:\/\/www.europesays.com\/fr\/wp-json\/wp\/v2\/categories?post=38090"},{"taxonomy":"post_tag","embeddable":true,"href":"https:\/\/www.europesays.com\/fr\/wp-json\/wp\/v2\/tags?post=38090"}],"curies":[{"name":"wp","href":"https:\/\/api.w.org\/{rel}","templated":true}]}}