{"id":380900,"date":"2025-09-10T18:42:11","date_gmt":"2025-09-10T18:42:11","guid":{"rendered":"https:\/\/www.europesays.com\/fr\/380900\/"},"modified":"2025-09-10T18:42:11","modified_gmt":"2025-09-10T18:42:11","slug":"loccitan-midi-habitat-fait-le-bilan-de-ses-activites","status":"publish","type":"post","link":"https:\/\/www.europesays.com\/fr\/380900\/","title":{"rendered":"L&rsquo;occitan Midi Habitat fait le bilan de ses activit\u00e9s"},"content":{"rendered":"<p>Cet \u00e9t\u00e9, \u00e0 l\u2019occasion de son \u00e9v\u00e9nement annuel qui rassemble l\u2019ensemble des membres des conseils d\u2019administration de ses soci\u00e9t\u00e9s et associations ainsi que ses partenaires proches, le groupe immobilier Midi Habitat a fait le bilan de ses activit\u00e9s.<\/p>\n<p>Le groupe met ainsi en avant un chiffre d\u2019affaires de plus de 100 millions d\u2019euros en 2024 et emploie plus de 200 collaborateurs. L\u2019an dernier, Midi Habitat affirme par ailleurs avoir livr\u00e9 plus de 1000 nouveaux logements, portant son parc \u00e0 plus de 40.000 logements au total, avoir mis en location 2400 logements et r\u00e9alis\u00e9 278 ventes (178 dans le neuf et 100 dans l\u2019ancien). Aujourd\u2019hui, le groupe assure loger plus de 60.000 personnes dans le Sud-Ouest (dans huit d\u00e9partements d\u2019Occitanie et de Nouvelle-Aquitaine, repr\u00e9sentant plus de 110 communes). En 2025, Midi Habitat ambitionne de livrer 1000 nouveaux logements.<\/p>\n<p>Le groupe a aussi pr\u00e9sent\u00e9 son nouveau guide de gouvernance\u00a0[<a href=\"#nb1\" class=\"spip_note\" rel=\"appendix\" title=\"Il s\u2019agit du texte de r\u00e9f\u00e9rence con\u00e7u pour accompagner les membres de ses\u00a0(\u2026)\" id=\"nh1\">1<\/a>] ainsi que son dernier rapport RSE. Articul\u00e9 autour de dix objectifs, ce rapport formalise les engagements en mati\u00e8re de transition \u00e9cologique, de finances responsables, de solidarit\u00e9, d\u2019engagement territorial, d\u2019\u00e9quit\u00e9 et de qualit\u00e9 de vie au travail.<\/p>\n<p>Notes<\/p>\n<p>[<a href=\"#nh1\" class=\"spip_note\" title=\"Notes 1\" rev=\"appendix\">1<\/a>]\u00a0Il s\u2019agit du texte de r\u00e9f\u00e9rence con\u00e7u pour accompagner les membres de ses conseils d\u2019administration dans l\u2019exercice de ses mandat.<\/p>\n","protected":false},"excerpt":{"rendered":"Cet \u00e9t\u00e9, \u00e0 l\u2019occasion de son \u00e9v\u00e9nement annuel qui rassemble l\u2019ensemble des membres des conseils d\u2019administration de ses&hellip;\n","protected":false},"author":2,"featured_media":373637,"comment_status":"","ping_status":"","sticky":false,"template":"","format":"standard","meta":{"footnotes":""},"categories":[2816],"tags":[1111,11,1777,674,1011,27,1908,16354,51410,12,2680,25,51409,2312],"class_list":{"0":"post-380900","1":"post","2":"type-post","3":"status-publish","4":"format-standard","5":"has-post-thumbnail","7":"category-toulouse","8":"tag-actu","9":"tag-actualites","10":"tag-eu","11":"tag-europe","12":"tag-fr","13":"tag-france","14":"tag-logement","15":"tag-logement-social","16":"tag-midi-habitat","17":"tag-news","18":"tag-occitanie","19":"tag-republique-francaise","20":"tag-rse-responsabilite-societale-des-entreprises","21":"tag-toulouse"},"share_on_mastodon":{"url":"https:\/\/pubeurope.com\/@fr\/115181475852704343","error":""},"_links":{"self":[{"href":"https:\/\/www.europesays.com\/fr\/wp-json\/wp\/v2\/posts\/380900","targetHints":{"allow":["GET"]}}],"collection":[{"href":"https:\/\/www.europesays.com\/fr\/wp-json\/wp\/v2\/posts"}],"about":[{"href":"https:\/\/www.europesays.com\/fr\/wp-json\/wp\/v2\/types\/post"}],"author":[{"embeddable":true,"href":"https:\/\/www.europesays.com\/fr\/wp-json\/wp\/v2\/users\/2"}],"replies":[{"embeddable":true,"href":"https:\/\/www.europesays.com\/fr\/wp-json\/wp\/v2\/comments?post=380900"}],"version-history":[{"count":0,"href":"https:\/\/www.europesays.com\/fr\/wp-json\/wp\/v2\/posts\/380900\/revisions"}],"wp:featuredmedia":[{"embeddable":true,"href":"https:\/\/www.europesays.com\/fr\/wp-json\/wp\/v2\/media\/373637"}],"wp:attachment":[{"href":"https:\/\/www.europesays.com\/fr\/wp-json\/wp\/v2\/media?parent=380900"}],"wp:term":[{"taxonomy":"category","embeddable":true,"href":"https:\/\/www.europesays.com\/fr\/wp-json\/wp\/v2\/categories?post=380900"},{"taxonomy":"post_tag","embeddable":true,"href":"https:\/\/www.europesays.com\/fr\/wp-json\/wp\/v2\/tags?post=380900"}],"curies":[{"name":"wp","href":"https:\/\/api.w.org\/{rel}","templated":true}]}}