{"id":380901,"date":"2025-09-10T18:43:12","date_gmt":"2025-09-10T18:43:12","guid":{"rendered":"https:\/\/www.europesays.com\/fr\/380901\/"},"modified":"2025-09-10T18:43:12","modified_gmt":"2025-09-10T18:43:12","slug":"lhomme-photographie-avec-un-maillot-de-foot-floque-arracheur-2-kippa-place-en-garde-a-vue","status":"publish","type":"post","link":"https:\/\/www.europesays.com\/fr\/380901\/","title":{"rendered":"l\u2019homme photographi\u00e9 avec un maillot de foot floqu\u00e9 \u00abarracheur 2 kippa\u00bb plac\u00e9 en garde \u00e0 vue"},"content":{"rendered":"<p>D\u00e9f\u00e9r\u00e9 devant le parquet de Toulouse, le pr\u00e9venu a indiqu\u00e9 vouloir faire de l\u2019humour. Il sera jug\u00e9 le 22 octobre prochain pour provocation \u00e0 la haine raciale.<\/p>\n<p class=\"fig-paragraph\">L\u2019image tournait sur les r\u00e9seaux sociaux depuis quelques jours. Celle d\u2019un homme install\u00e9 en terrasse dans les rues de\u00a0<a href=\"http:\/\/www.lefigaro.fr\/faits-divers\/viree-nocturne-a-toulouse-il-se-retrouve-enleve-et-abandonne-a-200-km-de-chez-lui-20250905\" data-fig-type=\"Article\" data-gtm-custom-categorie=\"navigation\" data-gtm-custom-action=\"crossclick\" data-gtm-custom-label=\"Contextuel\" data-gtm-event=\"customEventSPE\" data-fig-domain=\"LEFIGARO\" target=\"_blank\" rel=\"noopener\">Toulouse<\/a>, portant un maillot de football de l\u2019\u00e9quipe nationale allemande floqu\u00e9 \u00abArracheur 2 kippa\u00bb. Se sachant recherch\u00e9, l\u2019individu s\u2019est rendu de lui-m\u00eame au commissariat de Toulouse ce lundi 8 septembre avant d\u2019\u00eatre plac\u00e9 en garde \u00e0 vue, a appris Le Figaro aupr\u00e8s du parquet.<\/p>\n<p class=\"fig-paragraph\">Selon le procureur de la R\u00e9publique de Toulouse, l\u2019homme a \u00e9t\u00e9 d\u00e9f\u00e9r\u00e9 au parquet et est d\u00e9sormais poursuivi pour provocation \u00e0 la haine raciale en raison de deux faits\u00a0: une photo post\u00e9e sur les r\u00e9seaux sociaux entre le 1er juin et le 2 septembre o\u00f9 le mis en cause fait un salut nazi tout en portant le maillot de football en question. Il est \u00e9galement poursuivi pour avoir port\u00e9 ce maillot le 2 septembre \u00e0 Toulouse.<\/p>\n<p>                                    <a class=\"fig-a11y-skip a11y-hidden\" href=\"#fig-a11y-skip-main-inarticle\"><br \/>\n        Passer la publicit\u00e9<br \/>\n    <\/a><\/p>\n<p>Plac\u00e9 sous contr\u00f4le judiciaire<\/p>\n<p class=\"fig-paragraph\">Lors de son audience, il a indiqu\u00e9 avoir voulu \u00abfaire de l\u2019humour\u00bb, selon les termes du procureur. Il a \u00e9t\u00e9 requis son placement sous contr\u00f4le judiciaire en entendant son proc\u00e8s en correctionnelle le 22 octobre prochain et devra pointer au commissariat deux fois par semaine dans l\u2019attente de son proc\u00e8s. D\u2019apr\u00e8s\u00a0<a href=\"https:\/\/www.francebleu.fr\/infos\/faits-divers-justice\/maillot-de-foot-sigle-arracheur-2-kippa-a-toulouse-l-homme-identifie-et-convoque-par-la-justice-4443345\" target=\"_blank\" rel=\"sponsored noopener\" data-gtm-custom-categorie=\"navigation\" data-gtm-custom-action=\"crossclick\" data-gtm-custom-label=\"Contextuel\" data-gtm-event=\"customEventSPE\">France Bleu<\/a>, il lui a \u00e9galement \u00e9t\u00e9 demand\u00e9 de verser une caution de 800 euros qui servira \u00e0 indemniser les parties civiles en cas de condamnation.<\/p>\n<p class=\"fig-paragraph\">Le parquet de Toulouse indique par ailleurs que plusieurs associations se constitueront partie civile lors de cette audience comme le Conseil Repr\u00e9sentatif des institutions juives de France (<a href=\"http:\/\/www.lefigaro.fr\/actualite-france\/antisemitisme-en-france-rima-hassan-affirme-ne-pas-faire-confiance-aux-chiffres-du-crif-20250903\" data-fig-type=\"NewsFlash\" data-gtm-custom-categorie=\"navigation\" data-gtm-custom-action=\"crossclick\" data-gtm-custom-label=\"Contextuel\" data-gtm-event=\"customEventSPE\" data-fig-domain=\"LEFIGARO\" target=\"_blank\" rel=\"noopener\">CRIF<\/a>) qui a port\u00e9 plainte, ou encore la Ligue internationale contre le racisme et l\u2019antis\u00e9mitisme (<a href=\"https:\/\/www.lefigaro.fr\/tag\/licra\" target=\"_blank\" rel=\"sponsored noopener\" data-gtm-custom-categorie=\"navigation\" data-gtm-custom-action=\"crossclick\" data-gtm-custom-label=\"Contextuel\" data-gtm-event=\"customEventSPE\">LICRA<\/a>). L\u2019individu aurait d\u00e9j\u00e0 \u00e9t\u00e9 condamn\u00e9 \u00e0 de nombreuses reprises pour des faits de violence par conjoint, de menaces de crime \u00e0 l\u2019encontre de personnes d\u00e9positaires de l\u2019autorit\u00e9 publique.<\/p>\n","protected":false},"excerpt":{"rendered":"D\u00e9f\u00e9r\u00e9 devant le parquet de Toulouse, le pr\u00e9venu a indiqu\u00e9 vouloir faire de l\u2019humour. Il sera jug\u00e9 le&hellip;\n","protected":false},"author":2,"featured_media":380902,"comment_status":"","ping_status":"","sticky":false,"template":"","format":"standard","meta":{"footnotes":""},"categories":[2816],"tags":[1111,11,1777,674,1011,27,47049,12,2680,25,2312],"class_list":{"0":"post-380901","1":"post","2":"type-post","3":"status-publish","4":"format-standard","5":"has-post-thumbnail","7":"category-toulouse","8":"tag-actu","9":"tag-actualites","10":"tag-eu","11":"tag-europe","12":"tag-fr","13":"tag-france","14":"tag-kippa","15":"tag-news","16":"tag-occitanie","17":"tag-republique-francaise","18":"tag-toulouse"},"share_on_mastodon":{"url":"https:\/\/pubeurope.com\/@fr\/115181479888564826","error":""},"_links":{"self":[{"href":"https:\/\/www.europesays.com\/fr\/wp-json\/wp\/v2\/posts\/380901","targetHints":{"allow":["GET"]}}],"collection":[{"href":"https:\/\/www.europesays.com\/fr\/wp-json\/wp\/v2\/posts"}],"about":[{"href":"https:\/\/www.europesays.com\/fr\/wp-json\/wp\/v2\/types\/post"}],"author":[{"embeddable":true,"href":"https:\/\/www.europesays.com\/fr\/wp-json\/wp\/v2\/users\/2"}],"replies":[{"embeddable":true,"href":"https:\/\/www.europesays.com\/fr\/wp-json\/wp\/v2\/comments?post=380901"}],"version-history":[{"count":0,"href":"https:\/\/www.europesays.com\/fr\/wp-json\/wp\/v2\/posts\/380901\/revisions"}],"wp:featuredmedia":[{"embeddable":true,"href":"https:\/\/www.europesays.com\/fr\/wp-json\/wp\/v2\/media\/380902"}],"wp:attachment":[{"href":"https:\/\/www.europesays.com\/fr\/wp-json\/wp\/v2\/media?parent=380901"}],"wp:term":[{"taxonomy":"category","embeddable":true,"href":"https:\/\/www.europesays.com\/fr\/wp-json\/wp\/v2\/categories?post=380901"},{"taxonomy":"post_tag","embeddable":true,"href":"https:\/\/www.europesays.com\/fr\/wp-json\/wp\/v2\/tags?post=380901"}],"curies":[{"name":"wp","href":"https:\/\/api.w.org\/{rel}","templated":true}]}}