{"id":380903,"date":"2025-09-10T18:44:12","date_gmt":"2025-09-10T18:44:12","guid":{"rendered":"https:\/\/www.europesays.com\/fr\/380903\/"},"modified":"2025-09-10T18:44:12","modified_gmt":"2025-09-10T18:44:12","slug":"vendredi-26-septembre-2025-le-theatre-du-casino-barriere-lille-accueillera-le-spectacle-dilyes-djadel","status":"publish","type":"post","link":"https:\/\/www.europesays.com\/fr\/380903\/","title":{"rendered":"Vendredi 26 septembre 2025, le Th\u00e9\u00e2tre du Casino Barri\u00e8re Lille accueillera le spectacle d&rsquo;Ilyes Djadel"},"content":{"rendered":"<p style=\"text-align: justify;\"><strong>Vendredi 26 septembre 2025 \u00e0 20h30, le Th\u00e9\u00e2tre du Casino Barri\u00e8re Lille <\/strong>accueillera le <strong>spectacle d\u2019<\/strong><strong>Ilyes Djadel \u00ab\u00a0Vrai\u00a0\u00bb.<\/strong><\/p>\n<p style=\"text-align: justify;\">Spectacle d\u2019Ilyes Djadel \u00ab\u00a0Vrai\u00a0\u00bb<br \/>Ilyes Djadel est la nouvelle r\u00e9v\u00e9lation de l\u2019humour qui n\u2019a cess\u00e9 de marquer les esprits depuis son passage au Marrakech du Rire en 2022 o\u00f9 il raconte son exp\u00e9rience au Lyc\u00e9e Catholique.<\/p>\n<p>Apr\u00e8s un parcours scolaire chaotique et plusieurs millions de vues sur les r\u00e9seaux sociaux, de la cit\u00e9 au lyc\u00e9e catholique, Ilyes nous raconte tout sur sc\u00e8ne !<\/p>\n<p>Jamel Debbouze et Kev Adams le rep\u00e8rent et d\u00e9cident de produire son premier spectacle VRAI, qui conna\u00eet un succ\u00e8s fulgurant depuis 2023<\/p>\n<p>Apr\u00e8s avoir conquis plus de 100 000 spectateurs dans toute la France , La Cigale et L\u2019Olympia SOLD OUT , Ilyes revient sur sc\u00e8ne pr\u00e8s de chez vous<\/p>\n<p><img loading=\"lazy\" decoding=\"async\" width=\"9\" height=\"9\" src=\"https:\/\/www.europesays.com\/fr\/wp-content\/uploads\/2025\/04\/1744722321_833_arrow.png\" alt=\"Puce\"\/> <strong>Tarif<\/strong> : \u00e0 partir de 35\u20ac<\/p>\n<p><img loading=\"lazy\" decoding=\"async\" width=\"9\" height=\"9\" src=\"https:\/\/www.europesays.com\/fr\/wp-content\/uploads\/2025\/04\/1744722321_833_arrow.png\" alt=\"Puce\"\/> <a href=\"https:\/\/www.casinosbarriere.com\/lille\/spectacle\/ilyes-djadel\" target=\"_blank\" rel=\"noreferrer noopener\">Site internet du Casino Barri\u00e8re Lille<\/a><\/p>\n<p class=\"has-text-align-right\">Source : Casino Barri\u00e8re Lille \u2013 Photo : DR<\/p>\n","protected":false},"excerpt":{"rendered":"Vendredi 26 septembre 2025 \u00e0 20h30, le Th\u00e9\u00e2tre du Casino Barri\u00e8re Lille accueillera le spectacle d\u2019Ilyes Djadel \u00ab\u00a0Vrai\u00a0\u00bb.&hellip;\n","protected":false},"author":2,"featured_media":380904,"comment_status":"","ping_status":"","sticky":false,"template":"","format":"standard","meta":{"footnotes":""},"categories":[2815],"tags":[51411,1111,11,13249,1777,674,1011,27,811,51412,1307,12,25,3140,17151],"class_list":{"0":"post-380903","1":"post","2":"type-post","3":"status-publish","4":"format-standard","5":"has-post-thumbnail","7":"category-lille","8":"tag-26-septembre-2025","9":"tag-actu","10":"tag-actualites","11":"tag-casino-barriere-lille","12":"tag-eu","13":"tag-europe","14":"tag-fr","15":"tag-france","16":"tag-hauts-de-france","17":"tag-ilyes-djadel","18":"tag-lille","19":"tag-news","20":"tag-republique-francaise","21":"tag-spectacle","22":"tag-vrai"},"share_on_mastodon":{"url":"https:\/\/pubeurope.com\/@fr\/115181484405799339","error":""},"_links":{"self":[{"href":"https:\/\/www.europesays.com\/fr\/wp-json\/wp\/v2\/posts\/380903","targetHints":{"allow":["GET"]}}],"collection":[{"href":"https:\/\/www.europesays.com\/fr\/wp-json\/wp\/v2\/posts"}],"about":[{"href":"https:\/\/www.europesays.com\/fr\/wp-json\/wp\/v2\/types\/post"}],"author":[{"embeddable":true,"href":"https:\/\/www.europesays.com\/fr\/wp-json\/wp\/v2\/users\/2"}],"replies":[{"embeddable":true,"href":"https:\/\/www.europesays.com\/fr\/wp-json\/wp\/v2\/comments?post=380903"}],"version-history":[{"count":0,"href":"https:\/\/www.europesays.com\/fr\/wp-json\/wp\/v2\/posts\/380903\/revisions"}],"wp:featuredmedia":[{"embeddable":true,"href":"https:\/\/www.europesays.com\/fr\/wp-json\/wp\/v2\/media\/380904"}],"wp:attachment":[{"href":"https:\/\/www.europesays.com\/fr\/wp-json\/wp\/v2\/media?parent=380903"}],"wp:term":[{"taxonomy":"category","embeddable":true,"href":"https:\/\/www.europesays.com\/fr\/wp-json\/wp\/v2\/categories?post=380903"},{"taxonomy":"post_tag","embeddable":true,"href":"https:\/\/www.europesays.com\/fr\/wp-json\/wp\/v2\/tags?post=380903"}],"curies":[{"name":"wp","href":"https:\/\/api.w.org\/{rel}","templated":true}]}}