{"id":380909,"date":"2025-09-10T18:47:24","date_gmt":"2025-09-10T18:47:24","guid":{"rendered":"https:\/\/www.europesays.com\/fr\/380909\/"},"modified":"2025-09-10T18:47:24","modified_gmt":"2025-09-10T18:47:24","slug":"plus-de-8000-manifestants-a-marseille-200-a-aix-300-a-avignon-le-bilan-de-la-mobilisation-en-provence","status":"publish","type":"post","link":"https:\/\/www.europesays.com\/fr\/380909\/","title":{"rendered":"plus de 8000 manifestants \u00e0 Marseille, 200 \u00e0 Aix, 300 \u00e0 Avignon&#8230; le bilan de la mobilisation en Provence"},"content":{"rendered":"<p>Apr\u00e8s avoir \u00e9merg\u00e9 cet \u00e9t\u00e9 sur les r\u00e9seaux sociaux, l&rsquo;appel \u00e0 protester contre la politique d&rsquo;aust\u00e9rit\u00e9 du gouvernement d\u00e9missionnaire testait, ce mercredi 10 septembre, sa capacit\u00e9 de mobilisation. <a href=\"https:\/\/www.laprovence.com\/article\/societe\/2021770388060314\/10-septembre-bloquons-tout-120-personnes-se-rassemblent-devant-la-mairie-de-carpentras\" target=\"_blank\" rel=\"noopener\">Des manifestations<\/a> et blocages symboliques de lieux \u00e9taient attendus.<\/p>\n<p>\u00c0 l&rsquo;\u00e9chelle nationale, 175 000 personnes ont finalement particip\u00e9 aux 550 rassemblements et 262 blocages recens\u00e9s. La Provence fait le point sur la mobilisation qui s&rsquo;est tenue en Provence.\u00a0<\/p>\n<p>Dans les Bouches-du-Rh\u00f4ne<\/p>\n<p>\u00c0 <strong>Marseille<\/strong>, ils \u00e9taient <strong>8000<\/strong> dans le cadre de la manifestation d\u00e9clar\u00e9e, selon la police, <strong>30 000<\/strong> selon un membre de l&rsquo;organisation du 10 septembre et <strong>80 000<\/strong> selon la CGT. Le rassemblement le plus important s&rsquo;est tenu dans un cort\u00e8ge qui s&rsquo;est \u00e9lanc\u00e9 des R\u00e9form\u00e9s jusqu&rsquo;\u00e0 la Pr\u00e9fecture.<\/p>\n<p>\u00c0 <strong>Aix-en-Provence<\/strong>, au moins <strong>200 manifestants<\/strong> se sont rassembl\u00e9s devant l&rsquo;Apple Store d&rsquo;Aix-en-Provence dans le cadre de la journ\u00e9e d&rsquo;action. Initialement attendu sur le cours Mirabeau, le cort\u00e8ge a finalement converg\u00e9 vers la Rotonde.<\/p>\n<p>\u00c0 <strong>Salon-de-Provence<\/strong>, l&rsquo;ambiance a \u00e9t\u00e9 tendue mais d\u00e9termin\u00e9e d\u00e8s l&rsquo;aube. Une <strong>quarantaine de militants<\/strong> du mouvement citoyen \u00ab\u00a0Bloquons tout\u00a0\u00bb ont bloqu\u00e9, d\u00e8s 5h, les deux entr\u00e9es de l&rsquo;entrep\u00f4t logistique de Carrefour de Bel-Air.<\/p>\n<p>\u00c0 <strong>La Ciotat<\/strong>, pr\u00e8s d&rsquo;<strong>une cinquantaine de manifestants<\/strong> a bloqu\u00e9 l&rsquo;entr\u00e9e des anciens chantiers navals \u00e0 partir de 7h30. Apr\u00e8s un blocage devant la banque BNP Paribas sur le Port Vieux, le cort\u00e8ge s&rsquo;est dirig\u00e9 vers Carrefour, pour bloquer l&rsquo;entr\u00e9e.<\/p>\n<p>\u00c0 <strong>Arles<\/strong>, pr\u00e8s de <strong>200 personnes<\/strong> ont particip\u00e9 au mouvement \u00ab\u00a0Bloquons tout\u00a0\u00bb. Les manifestants ont d\u00e9cid\u00e9 apr\u00e8s une heure de rassemblement, ils se sont achemin\u00e9s \u00e0 l&rsquo;entr\u00e9e d&rsquo;autoroute de la 113 en direction de N\u00eemes, du c\u00f4t\u00e9 du quartier de la Roquette.<\/p>\n<p>Dans le Vaucluse<\/p>\n<p>\u00c0 <strong>Avignon<\/strong>, apr\u00e8s avoir descendu la rue de la R\u00e9publique, ils ont \u00e9t\u00e9 entre <strong>300 et 400<\/strong> \u00e0 s&rsquo;\u00eatre assis sur le boulevard Saint-Michel, en face de la gare d&rsquo;Avignon Centre, bloquant le passage de quelques bus.\u00a0<\/p>\n<p>\u00c0 <strong>Carpentras<\/strong>, <strong>120 personnes<\/strong> se sont rassembl\u00e9s devant la mairie.\u00a0<\/p>\n<p>Au total, le mouvement \u00ab\u00a0Bloquons tout\u00a0\u00bb a \u00e9t\u00e9 suivi par pr\u00e8s de 700 manifestants r\u00e9partis dans le Vaucluse, selon la pr\u00e9fecture. Un nombre inf\u00e9rieur aux attentes.\u00a0<\/p>\n<p>Dans les Alpes-de-Haute-Provence<\/p>\n<p>\u00c0 <strong>Sisteron<\/strong>, <strong>une cinquantaine<\/strong> de manifestants se sont install\u00e9s \u00e0 la sortie de l&rsquo;A5.<\/p>\n<p>\u00c0 <strong>Digne-les-Bains<\/strong>, les manifestants sont arriv\u00e9s par grappes sur la place De-Gaulle. Apr\u00e8s l&rsquo;incertitude, la mobilisation citoyenne \u00e0 laquelle se sont joints notamment les syndicats CGT et FSU rassemblait environ <strong>400 personnes<\/strong>.<\/p>\n","protected":false},"excerpt":{"rendered":"Apr\u00e8s avoir \u00e9merg\u00e9 cet \u00e9t\u00e9 sur les r\u00e9seaux sociaux, l&rsquo;appel \u00e0 protester contre la politique d&rsquo;aust\u00e9rit\u00e9 du gouvernement&hellip;\n","protected":false},"author":2,"featured_media":380910,"comment_status":"","ping_status":"","sticky":false,"template":"","format":"standard","meta":{"footnotes":""},"categories":[2814],"tags":[10546,17,51413,1111,11,2835,1777,674,1011,27,10239,884,12,378,882,25,395,104],"class_list":{"0":"post-380909","1":"post","2":"type-post","3":"status-publish","4":"format-standard","5":"has-post-thumbnail","7":"category-marseille","8":"tag-10546","9":"tag-17","10":"tag-51413","11":"tag-actu","12":"tag-actualites","13":"tag-aix","14":"tag-eu","15":"tag-europe","16":"tag-fr","17":"tag-france","18":"tag-manifestants","19":"tag-marseille","20":"tag-news","21":"tag-plus","22":"tag-provence-alpes-cote-dazur","23":"tag-republique-francaise","24":"tag-septembre","25":"tag-societe"},"share_on_mastodon":{"url":"https:\/\/pubeurope.com\/@fr\/115181495644463820","error":""},"_links":{"self":[{"href":"https:\/\/www.europesays.com\/fr\/wp-json\/wp\/v2\/posts\/380909","targetHints":{"allow":["GET"]}}],"collection":[{"href":"https:\/\/www.europesays.com\/fr\/wp-json\/wp\/v2\/posts"}],"about":[{"href":"https:\/\/www.europesays.com\/fr\/wp-json\/wp\/v2\/types\/post"}],"author":[{"embeddable":true,"href":"https:\/\/www.europesays.com\/fr\/wp-json\/wp\/v2\/users\/2"}],"replies":[{"embeddable":true,"href":"https:\/\/www.europesays.com\/fr\/wp-json\/wp\/v2\/comments?post=380909"}],"version-history":[{"count":0,"href":"https:\/\/www.europesays.com\/fr\/wp-json\/wp\/v2\/posts\/380909\/revisions"}],"wp:featuredmedia":[{"embeddable":true,"href":"https:\/\/www.europesays.com\/fr\/wp-json\/wp\/v2\/media\/380910"}],"wp:attachment":[{"href":"https:\/\/www.europesays.com\/fr\/wp-json\/wp\/v2\/media?parent=380909"}],"wp:term":[{"taxonomy":"category","embeddable":true,"href":"https:\/\/www.europesays.com\/fr\/wp-json\/wp\/v2\/categories?post=380909"},{"taxonomy":"post_tag","embeddable":true,"href":"https:\/\/www.europesays.com\/fr\/wp-json\/wp\/v2\/tags?post=380909"}],"curies":[{"name":"wp","href":"https:\/\/api.w.org\/{rel}","templated":true}]}}