{"id":380911,"date":"2025-09-10T18:48:22","date_gmt":"2025-09-10T18:48:22","guid":{"rendered":"https:\/\/www.europesays.com\/fr\/380911\/"},"modified":"2025-09-10T18:48:22","modified_gmt":"2025-09-10T18:48:22","slug":"le-camp-aulas-cible-le-maire-de-lyon-apres-les-violences-de-bloquons-tout","status":"publish","type":"post","link":"https:\/\/www.europesays.com\/fr\/380911\/","title":{"rendered":"le camp Aulas cible le maire de Lyon apr\u00e8s les violences de \u00ab\u00a0Bloquons tout\u00a0\u00bb"},"content":{"rendered":"<p>            Par<br \/>\n        <strong><br \/>\n            <a href=\"https:\/\/actu.fr\/auteur\/nicolas-zaugra\" title=\"Consulter tous les articles de Nicolas Zaugra\" rel=\"nofollow noopener\" target=\"_blank\">Nicolas Zaugra<\/a><br \/>\n        <\/strong><\/p>\n<p>        Publi\u00e9 le<\/p>\n<p>            10 sept. 2025 \u00e0 17h49        <\/p>\n<p><strong>INFO ACTU LYON<\/strong>. Le <a href=\"https:\/\/actu.fr\/tag\/bloquons-tout\" rel=\"nofollow noopener\" target=\"_blank\">mouvement \u00ab\u00a0Bloquons tout\u00a0\u00bb<\/a> s\u2019invite sans surprise dans la <strong>campagne des municipales 2026<\/strong> \u00e0 <a href=\"https:\/\/actu.fr\/auvergne-rhone-alpes\/lyon_69123\" rel=\"nofollow noopener\" target=\"_blank\">Lyon<\/a>. <br \/>Apr\u00e8s des <a href=\"https:\/\/actu.fr\/auvergne-rhone-alpes\/lyon_69123\/direct-bloquons-tout-le-10-septembre-blocages-manifestations-suivez-la-journee-a-lyon_63136003.html\" rel=\"nofollow noopener\" target=\"_blank\">violences<\/a> survenues mercredi 10 septembre dans plusieurs arrondissements au premier jour de la mobilisation, le camp de <a href=\"https:\/\/actu.fr\/auvergne-rhone-alpes\/lyon_69123\/municipales-2026-a-lyon-jean-michel-aulas-va-officialiser-sa-candidature-lors-d-un-grand-meeting_63136865.html\" rel=\"nofollow noopener\" target=\"_blank\">Jean-Michel Aulas<\/a> cible le maire \u00e9cologiste Gr\u00e9gory Doucet. La conseill\u00e8re municipale LR <strong>B\u00e9atrice de Montille<\/strong> et soutien du futur candidat d\u00e9nonce dans une d\u00e9claration \u00e0 actu Lyon \u00ab\u00a0des alli\u00e9s politiques de M. Doucet qui assument de soutenir ces mouvements violents.\u00a0\u00bb<\/p>\n<p>\u00ab\u00a0Des alli\u00e9s politiques de M. Doucet assument de soutenir ces mouvements violents\u00a0\u00bb<\/p>\n<p class=\" wall-content\">\u00ab\u00a0Nous comprenons profond\u00e9ment l\u2019inqui\u00e9tude exprim\u00e9e par beaucoup des Lyonnais face \u00e0 la situation du pays. La d\u00e9fense du pouvoir d\u2019achat, des services publics et du bien-\u00eatre collectif est une cause l\u00e9gitime, et nous y sommes particuli\u00e8rement attentifs, avec Jean-Michel Aulas. Mais nous ne croyons pas que la violence et le blocage du pays soient une r\u00e9ponse. Paralyser la France, c\u2019est fragiliser ceux qui en ont le plus besoin : les familles, les petites entreprises, les salari\u00e9s qui n\u2019ont pas de marge de man\u0153uvre. \u00c0 Lyon, les affrontements et les violences choquent les habitants : ce n\u2019est pas la voix du peuple, c\u2019est celle d\u2019une minorit\u00e9 radicale qui veut imposer sa loi par la force \u00bb, assure la cheffe d\u2019entreprise.\u00a0<\/p>\n<p class=\" wall-content\">\u00ab\u00a0Ce qui est grave, c\u2019est que des alli\u00e9s politiques de M. Doucet assument de soutenir ces mouvements violents. On ne peut pas pr\u00e9tendre gouverner une ville et, dans le m\u00eame temps, cautionner ceux qui la troublent et la mettent en danger\u00a0\u00bb, d\u00e9nonce la responsable LR.<\/p>\n<p class=\" wall-content\">Au niveau national, le parti des Ecologistes, le PS ou encore LFI ont apport\u00e9 leur soutien au mouvement \u00ab\u00a0Bloquons tout\u00a0\u00bb contrairement au RN, \u00e0 LR ou \u00e0 la Macronie.\u00a0<\/p>\n<p>    <img   decoding=\"async\" loading=\"lazy\" src=\"https:\/\/www.europesays.com\/fr\/wp-content\/uploads\/2025\/09\/beatrice-de-montille-lyon-960x640.jpeg\" alt=\"B\u00e9atrice de Montille, \u00e9lue Les R\u00e9publicains au conseil municipal de Lyon.\" width=\"960\" height=\"640\"\/><br \/>\n    B\u00e9atrice de Montille, \u00e9lue Les R\u00e9publicains au conseil municipal de Lyon. (\u00a9Nicolas Zaugra\/ actu Lyon)Inqui\u00e9tudes pour les commer\u00e7ants<\/p>\n<p class=\" wall-content\">La soutien de Jean-Michel Aulas d\u00e9plore aussi l\u2019impact sur les commer\u00e7ants des zones frapp\u00e9es par les violences.\u00a0<\/p>\n<blockquote class=\"ac-article-quote wall-content\">\n<p>Nous pensons aussi aux commer\u00e7ants du centre-ville, contraints de se barricader une nouvelle fois pour prot\u00e9ger leurs \u00e9tablissements. Ces sc\u00e8nes sont indignes d\u2019une grande ville comme Lyon et traduisent l\u2019abandon dans lequel on a laiss\u00e9 ceux qui cr\u00e9ent de l\u2019activit\u00e9 et de l\u2019emploi.<\/p>\n<p>    <strong>B\u00e9atrice de Montille, conseill\u00e8re municipale LR<\/strong>\n            <\/p><\/blockquote>\n<p>Votre r\u00e9gion, votre actu !<\/p>\n<p>Recevez chaque jour les infos qui comptent pour vous.<\/p>\n<p>\t<a href=\"https:\/\/actu.fr\/newsletter\" class=\"ac-btn ac-btn--corner ac-btn--medium ac-btn--blue800\" rel=\"nofollow noopener\" target=\"_blank\">S&rsquo;incrire<\/a><\/p>\n<p class=\" wall-content\">D\u00e8s mardi, <a href=\"https:\/\/actu.fr\/auvergne-rhone-alpes\/lyon_69123\/bloquons-tout-a-lyon-les-magasins-se-barricadent-avant-le-mouvement-du-10-septembre_63136123.html\" rel=\"nofollow noopener\" target=\"_blank\">plusieurs commer\u00e7ants ont prot\u00e9g\u00e9 leurs vitrines<\/a> dans le centre par craintes de casses ou de pillages.<\/p>\n<p>Les blocages doivent se faire \u00ab\u00a0de mani\u00e8re pacifique et respectueuse\u00a0\u00bb<\/p>\n<p class=\" wall-content\">Le maire de Lyon Gr\u00e9gory Doucet, interrog\u00e9 lundi sur le mouvement \u00ab\u00a0Bloquons tout\u00a0\u00bb, avait assur\u00e9 :<\/p>\n<p class=\" wall-content\">\u00ab\u00a0Les appels au blocage traduisent une volont\u00e9 de certains citoyens d\u2019envoyer un message aux responsables politiques nationaux. Il y a des inqui\u00e9tudes, parfois m\u00eame de la col\u00e8re [\u2026] Cela doit toutefois se faire de mani\u00e8re pacifique et respectueuse, tant des personnes que des biens publics et priv\u00e9s. <strong>Avec la pr\u00e9fecture, nous nous pr\u00e9parons pour que tout se d\u00e9roule dans les meilleures conditions\u00a0\u00bb<\/strong>.<\/p>\n<p class=\" wall-content\">L\u2019\u00e9lu \u00e9cologiste a aussi \u00e9t\u00e9 interpell\u00e9 publiquement mardi par un autre candidat aux municipales, Georges K\u00e9p\u00e9n\u00e9kian. Il <a href=\"https:\/\/actu.fr\/auvergne-rhone-alpes\/lyon_69123\/blocages-du-10-septembre-a-lyon-gregory-doucet-appele-a-eviter-les-violences-dans-la-ville_63135060.html\" rel=\"nofollow noopener\" target=\"_blank\">appelait le maire \u00e0 \u00ab\u00a0tout faire\u00a0\u00bb pour \u00e9viter les violences<\/a>.<\/p>\n<p class=\" wall-content\">Personnalisez votre actualit\u00e9 en ajoutant vos villes et m\u00e9dias en favori avec <a href=\"https:\/\/moncompte.actu.fr\" title=\"D\u00e9couvez Mon Actu\" rel=\"nofollow noopener\" data-trk=\"{&quot;cta&quot;:{&quot;action&quot;:&quot;https:\\\/\\\/moncompte.actu.fr&quot;,&quot;category&quot;:&quot;mon compte&quot;,&quot;from&quot;:&quot;article footer&quot;,&quot;name&quot;:&quot;Mon actu&quot;,&quot;type&quot;:&quot;cta&quot;}}\" target=\"_blank\">Mon Actu<\/a>.<\/p>\n","protected":false},"excerpt":{"rendered":"Par Nicolas Zaugra Publi\u00e9 le 10 sept. 2025 \u00e0 17h49 INFO ACTU LYON. Le mouvement \u00ab\u00a0Bloquons tout\u00a0\u00bb s\u2019invite&hellip;\n","protected":false},"author":2,"featured_media":380912,"comment_status":"","ping_status":"","sticky":false,"template":"","format":"standard","meta":{"footnotes":""},"categories":[1889],"tags":[1111,11,2430,47212,4188,1777,674,1011,27,5226,5227,2428,12,316,25],"class_list":{"0":"post-380911","1":"post","2":"type-post","3":"status-publish","4":"format-standard","5":"has-post-thumbnail","7":"category-lyon","8":"tag-actu","9":"tag-actualites","10":"tag-auvergne-rhone-alpes","11":"tag-bloquons-tout","12":"tag-elections-municipales","13":"tag-eu","14":"tag-europe","15":"tag-fr","16":"tag-france","17":"tag-gregory-doucet","18":"tag-jean-michel-aulas","19":"tag-lyon","20":"tag-news","21":"tag-politique","22":"tag-republique-francaise"},"share_on_mastodon":{"url":"https:\/\/pubeurope.com\/@fr\/115181499653431421","error":""},"_links":{"self":[{"href":"https:\/\/www.europesays.com\/fr\/wp-json\/wp\/v2\/posts\/380911","targetHints":{"allow":["GET"]}}],"collection":[{"href":"https:\/\/www.europesays.com\/fr\/wp-json\/wp\/v2\/posts"}],"about":[{"href":"https:\/\/www.europesays.com\/fr\/wp-json\/wp\/v2\/types\/post"}],"author":[{"embeddable":true,"href":"https:\/\/www.europesays.com\/fr\/wp-json\/wp\/v2\/users\/2"}],"replies":[{"embeddable":true,"href":"https:\/\/www.europesays.com\/fr\/wp-json\/wp\/v2\/comments?post=380911"}],"version-history":[{"count":0,"href":"https:\/\/www.europesays.com\/fr\/wp-json\/wp\/v2\/posts\/380911\/revisions"}],"wp:featuredmedia":[{"embeddable":true,"href":"https:\/\/www.europesays.com\/fr\/wp-json\/wp\/v2\/media\/380912"}],"wp:attachment":[{"href":"https:\/\/www.europesays.com\/fr\/wp-json\/wp\/v2\/media?parent=380911"}],"wp:term":[{"taxonomy":"category","embeddable":true,"href":"https:\/\/www.europesays.com\/fr\/wp-json\/wp\/v2\/categories?post=380911"},{"taxonomy":"post_tag","embeddable":true,"href":"https:\/\/www.europesays.com\/fr\/wp-json\/wp\/v2\/tags?post=380911"}],"curies":[{"name":"wp","href":"https:\/\/api.w.org\/{rel}","templated":true}]}}