{"id":380913,"date":"2025-09-10T18:49:12","date_gmt":"2025-09-10T18:49:12","guid":{"rendered":"https:\/\/www.europesays.com\/fr\/380913\/"},"modified":"2025-09-10T18:49:12","modified_gmt":"2025-09-10T18:49:12","slug":"un-homme-de-22-ans-en-urgence-absolue-apres-avoir-ete-blesse-par-balle","status":"publish","type":"post","link":"https:\/\/www.europesays.com\/fr\/380913\/","title":{"rendered":"Un homme de 22 ans en urgence absolue apr\u00e8s avoir \u00e9t\u00e9 bless\u00e9 par balle"},"content":{"rendered":"<p>L\u2019acte n\u2019aurait rien \u00e0 voir avec les manifestations du <a href=\"https:\/\/www.20minutes.fr\/societe\/greve\/4172191-20250910-direct-bloquons-tout-10-septembre-premier-ministre-lecornu-deja-epreuve-feu-colere-sociale\" target=\"_blank\" class=\"c-link c-link--is-underlined\" rel=\"noopener\">mouvement \u00ab\u00a0Bloquons tout\u00a0\u00bb<\/a>, qui ont rassembl\u00e9 8.000 personnes \u00e0 <a href=\"https:\/\/www.20minutes.fr\/magazine\/foire-de-lyon-mag\/\" target=\"_blank\" class=\"c-link c-link--is-underlined\" rel=\"noopener\">Lyon<\/a>. Un homme de 22 ans se trouve dans un \u00e9tat critique mercredi soir apr\u00e8s avoir \u00e9t\u00e9 bless\u00e9 par des tirs d\u2019armes \u00e0 feu. Le ou les auteurs restent en fuite, a indiqu\u00e9 le parquet.<\/p>\n<p>La victime a \u00e9t\u00e9 prise en charge peu avant 18 heures en arr\u00eat cardio-respiratoire et transf\u00e9r\u00e9e \u00e0 l\u2019h\u00f4pital dans un \u00e9tat d\u2019urgence absolue, ont pr\u00e9cis\u00e9 les <a href=\"https:\/\/www.20minutes.fr\/dossier\/pompiers\" target=\"_blank\" class=\"c-link c-link--is-underlined\" rel=\"noopener\">pompiers<\/a>.<\/p>\n<p>Une rixe \u00e0 l\u2019origine<\/p>\n<p>Une enqu\u00eate pour tentative de <a href=\"https:\/\/www.20minutes.fr\/dossier\/meurtre\" target=\"_blank\" class=\"c-link c-link--is-underlined\" rel=\"noopener\">meurtre<\/a> a imm\u00e9diatement \u00e9t\u00e9 ouverte et, selon les premiers \u00e9l\u00e9ments recueillis, les tirs \u00ab\u00a0seraient survenus \u00e0 la suite d\u2019une rixe\u00a0\u00bb, a pr\u00e9cis\u00e9 le parquet dans un communiqu\u00e9.<\/p>\n<p><a href=\"https:\/\/www.20minutes.fr\/lyon\/\" target=\"_blank\" class=\"c-link c-btn c-btn--primary\" rel=\"noopener\">Tous nos articles sur Lyon<\/a><\/p>\n<p>Les investigations se poursuivent pour d\u00e9terminer les circonstances, les mobiles des faits, et en identifier les auteurs, a-t-il ajout\u00e9.<\/p>\n","protected":false},"excerpt":{"rendered":"L\u2019acte n\u2019aurait rien \u00e0 voir avec les manifestations du mouvement \u00ab\u00a0Bloquons tout\u00a0\u00bb, qui ont rassembl\u00e9 8.000 personnes \u00e0&hellip;\n","protected":false},"author":2,"featured_media":380914,"comment_status":"","ping_status":"","sticky":false,"template":"","format":"standard","meta":{"footnotes":""},"categories":[1889],"tags":[1111,47,11,2430,1067,1777,674,118,1011,27,2683,2428,777,12,1072,25,2429,2431],"class_list":{"0":"post-380913","1":"post","2":"type-post","3":"status-publish","4":"format-standard","5":"has-post-thumbnail","7":"category-lyon","8":"tag-actu","9":"tag-actualite","10":"tag-actualites","11":"tag-auvergne-rhone-alpes","12":"tag-enquete","13":"tag-eu","14":"tag-europe","15":"tag-faits-divers","16":"tag-fr","17":"tag-france","18":"tag-homicide","19":"tag-lyon","20":"tag-meurtre","21":"tag-news","22":"tag-police","23":"tag-republique-francaise","24":"tag-rhone","25":"tag-rhone-alpes"},"share_on_mastodon":{"url":"https:\/\/pubeurope.com\/@fr\/115181503455461098","error":""},"_links":{"self":[{"href":"https:\/\/www.europesays.com\/fr\/wp-json\/wp\/v2\/posts\/380913","targetHints":{"allow":["GET"]}}],"collection":[{"href":"https:\/\/www.europesays.com\/fr\/wp-json\/wp\/v2\/posts"}],"about":[{"href":"https:\/\/www.europesays.com\/fr\/wp-json\/wp\/v2\/types\/post"}],"author":[{"embeddable":true,"href":"https:\/\/www.europesays.com\/fr\/wp-json\/wp\/v2\/users\/2"}],"replies":[{"embeddable":true,"href":"https:\/\/www.europesays.com\/fr\/wp-json\/wp\/v2\/comments?post=380913"}],"version-history":[{"count":0,"href":"https:\/\/www.europesays.com\/fr\/wp-json\/wp\/v2\/posts\/380913\/revisions"}],"wp:featuredmedia":[{"embeddable":true,"href":"https:\/\/www.europesays.com\/fr\/wp-json\/wp\/v2\/media\/380914"}],"wp:attachment":[{"href":"https:\/\/www.europesays.com\/fr\/wp-json\/wp\/v2\/media?parent=380913"}],"wp:term":[{"taxonomy":"category","embeddable":true,"href":"https:\/\/www.europesays.com\/fr\/wp-json\/wp\/v2\/categories?post=380913"},{"taxonomy":"post_tag","embeddable":true,"href":"https:\/\/www.europesays.com\/fr\/wp-json\/wp\/v2\/tags?post=380913"}],"curies":[{"name":"wp","href":"https:\/\/api.w.org\/{rel}","templated":true}]}}