{"id":380915,"date":"2025-09-10T18:50:10","date_gmt":"2025-09-10T18:50:10","guid":{"rendered":"https:\/\/www.europesays.com\/fr\/380915\/"},"modified":"2025-09-10T18:50:10","modified_gmt":"2025-09-10T18:50:10","slug":"campus-ia-un-appel-a-manifestation-dinteret-lance-par-la-region","status":"publish","type":"post","link":"https:\/\/www.europesays.com\/fr\/380915\/","title":{"rendered":"Campus IA : un appel \u00e0 manifestation d\u2019int\u00e9r\u00eat lanc\u00e9 par la R\u00e9gion"},"content":{"rendered":"<p>Afin de renforcer l\u2019attractivit\u00e9 et l\u2019innovation dans l\u2019enseignement secondaire, <strong>la R\u00e9gion et le Rectorat de Paris lancent un appel \u00e0 manifestation d\u2019int\u00e9r\u00eat (AMI) \u00e0 destination des acteurs du BTP et de l\u2019intelligence artificielle<\/strong>. Pour l\u2019heure \u00e0 l\u2019\u00e9tape du sourcing, <strong>ce projet prendra forme au sein du lyc\u00e9e Paul Val\u00e9ry, dans le 12e arrondissement parisien<\/strong>, futur \u00ab Campus IA \u00bb de la R\u00e9gion \u00cele-de-France.<\/p>\n<p>Un p\u00f4le d\u2019excellence pour l\u2019IA francilienne<\/p>\n<p>Lanc\u00e9 en 2019 au sein du lyc\u00e9e Paul Val\u00e9ry, <strong>le Campus IA vise \u00e0 renforcer l\u2019attractivit\u00e9 et l\u2019innovation dans l\u2019enseignement secondaire pour en faire un p\u00f4le d\u2019excellence<\/strong>.<\/p>\n<p><strong>Pour cela, il poursuit plusieurs objectifs :<\/strong><\/p>\n<ul>\n<li>Sensibiliser les publics \u00e0 l\u2019IA : les lyc\u00e9ens, les coll\u00e9giens, la communaut\u00e9 \u00e9ducative mais aussi les riverains et les Franciliens,<\/li>\n<li>Former \u00e0 \u00ab l\u2019IA \u00bb et par \u00ab l\u2019IA \u00bb par la mobilisation d\u2019entreprises innovantes dans les domaines des technologies de l\u2019\u00e9ducation,<\/li>\n<li>Diffuser les solutions d\u2019IA dans les entreprises franciliennes.<\/li>\n<\/ul>\n<p>Demandez le dossier complet de l&rsquo;AMI avant le 15 septembre 2025<\/p>\n<p>Acteurs \u00e9conomiques de l\u2019IA et du secteur de la construction, participez \u00e0 la phase de sourcing et rejoignez l\u2019\u00e9quipe-projet du campus. <strong>Pour en savoir plus et obtenir le dossier complet de cet appel \u00e0 manifestation d\u2019int\u00e9r\u00eat, faites-en la demande avant le 15 septembre aux adresses suivantes<\/strong> : <a href=\"https:\/\/www.iledefrance.fr\/toutes-les-actualites\/mailto:patrick.zatundatutonda@iledefrance.fr\" rel=\"nofollow noopener\" target=\"_blank\">patrick.zatundatutonda@iledefrance.fr<\/a>, <a href=\"https:\/\/www.iledefrance.fr\/toutes-les-actualites\/mailto:augustin.joncheray@iledefrance.fr\" rel=\"nofollow noopener\" target=\"_blank\">augustin.joncheray@iledefrance.fr<\/a> et <a href=\"https:\/\/www.iledefrance.fr\/toutes-les-actualites\/mailto:pauline.veron@espelia.fr\" rel=\"nofollow noopener\" target=\"_blank\">pauline.veron@espelia.fr<\/a>.<\/p>\n","protected":false},"excerpt":{"rendered":"Afin de renforcer l\u2019attractivit\u00e9 et l\u2019innovation dans l\u2019enseignement secondaire, la R\u00e9gion et le Rectorat de Paris lancent un&hellip;\n","protected":false},"author":2,"featured_media":380916,"comment_status":"","ping_status":"","sticky":false,"template":"","format":"standard","meta":{"footnotes":""},"categories":[1592],"tags":[1111,11,1777,674,1011,27,662,12,626,25],"class_list":{"0":"post-380915","1":"post","2":"type-post","3":"status-publish","4":"format-standard","5":"has-post-thumbnail","7":"category-ile-de-france","8":"tag-actu","9":"tag-actualites","10":"tag-eu","11":"tag-europe","12":"tag-fr","13":"tag-france","14":"tag-ile-de-france","15":"tag-news","16":"tag-paris","17":"tag-republique-francaise"},"share_on_mastodon":{"url":"https:\/\/pubeurope.com\/@fr\/115181507280463579","error":""},"_links":{"self":[{"href":"https:\/\/www.europesays.com\/fr\/wp-json\/wp\/v2\/posts\/380915","targetHints":{"allow":["GET"]}}],"collection":[{"href":"https:\/\/www.europesays.com\/fr\/wp-json\/wp\/v2\/posts"}],"about":[{"href":"https:\/\/www.europesays.com\/fr\/wp-json\/wp\/v2\/types\/post"}],"author":[{"embeddable":true,"href":"https:\/\/www.europesays.com\/fr\/wp-json\/wp\/v2\/users\/2"}],"replies":[{"embeddable":true,"href":"https:\/\/www.europesays.com\/fr\/wp-json\/wp\/v2\/comments?post=380915"}],"version-history":[{"count":0,"href":"https:\/\/www.europesays.com\/fr\/wp-json\/wp\/v2\/posts\/380915\/revisions"}],"wp:featuredmedia":[{"embeddable":true,"href":"https:\/\/www.europesays.com\/fr\/wp-json\/wp\/v2\/media\/380916"}],"wp:attachment":[{"href":"https:\/\/www.europesays.com\/fr\/wp-json\/wp\/v2\/media?parent=380915"}],"wp:term":[{"taxonomy":"category","embeddable":true,"href":"https:\/\/www.europesays.com\/fr\/wp-json\/wp\/v2\/categories?post=380915"},{"taxonomy":"post_tag","embeddable":true,"href":"https:\/\/www.europesays.com\/fr\/wp-json\/wp\/v2\/tags?post=380915"}],"curies":[{"name":"wp","href":"https:\/\/api.w.org\/{rel}","templated":true}]}}