{"id":380917,"date":"2025-09-10T18:51:13","date_gmt":"2025-09-10T18:51:13","guid":{"rendered":"https:\/\/www.europesays.com\/fr\/380917\/"},"modified":"2025-09-10T18:51:13","modified_gmt":"2025-09-10T18:51:13","slug":"des-personnes-de-nationalite-etrangere-ont-depose-les-neuf-tetes-de-cochon-devant-des-mosquees-dile-de-france","status":"publish","type":"post","link":"https:\/\/www.europesays.com\/fr\/380917\/","title":{"rendered":"\u00ab\u00a0Des personnes de nationalit\u00e9 \u00e9trang\u00e8re\u00a0\u00bb ont d\u00e9pos\u00e9 les neuf t\u00eates de cochon devant des mosqu\u00e9es d&rsquo;\u00cele-de-France"},"content":{"rendered":"<p>Neuf t\u00eates de cochon ont \u00e9t\u00e9 d\u00e9couvertes devant des mosqu\u00e9es d&rsquo;\u00cele-de-France ce mardi. On apprend ce mercredi soir que les personnes qui les ont d\u00e9pos\u00e9es sont de nationalit\u00e9 \u00e9trang\u00e8re et ont aussit\u00f4t quitt\u00e9 le territoire. Le Parquet de Paris mentionne \u00ab\u00a0une volont\u00e9 manifeste de provoquer le trouble\u00a0\u00bb.<\/p>\n<p>Le parquet de Paris communique,\u00a0<a class=\"IciLink ici-link IciArticleLink g-ici-body-regular-1 underline brand svelte-lu7k6w\" href=\"https:\/\/www.francebleu.fr\/infos\/faits-divers-justice\/des-tetes-de-cochon-decouvertes-devant-des-mosquees-en-ile-de-france-4677097\" rel=\"nofollow noopener\" target=\"_blank\">au lendemain de la d\u00e9couverte de neuf t\u00eates de cochon<\/a>\u00a0devant des mosqu\u00e9es d&rsquo;Ile-de-France. Selon le Parquet, les personnes qui ont d\u00e9pos\u00e9 ces t\u00eates sont \u00ab\u00a0de nationalit\u00e9 \u00e9trang\u00e8re\u00a0\u00bb et \u00ab\u00a0ont aussi quitt\u00e9 le territoire\u00a0\u00bb. Le Parquet \u00e9voque \u00ab\u00a0<strong>une volont\u00e9 manifeste de provoquer le trouble au sein de la nation<\/strong>\u00ab\u00a0.<\/p>\n<p>Des t\u00eates de cochon achet\u00e9es \u00e0 un agriculteur normand<\/p>\n<p>Toujours d&rsquo;apr\u00e8s le Parquet, <strong>un agriculteur normand a averti les enqu\u00eateurs<\/strong> afin de leur signaler que deux personnes \u00e9taient venues lui acheter une dizaine de t\u00eates de cochon. Selon lui, ils conduisaient un v\u00e9hicule immatricul\u00e9 en Serbie. Des cam\u00e9ras de surveillance ont ensuite permis aux enqu\u00eateurs de constater que c&rsquo;est avec ce m\u00eame v\u00e9hicule que ces personnes sont arriv\u00e9es \u00e0 Paris, pr\u00e8s d&rsquo;Oberkampf, dans la nuit de lundi \u00e0 mardi. Sur ces images, on voit les deux hommes d\u00e9poser les t\u00eates devant un certain nombre de mosqu\u00e9es.<\/p>\n<p>D&rsquo;autres d\u00e9p\u00f4ts de t\u00eates de cochon ont pu \u00eatre film\u00e9s par des cam\u00e9ras de surveillance, notamment \u00e0 Montreuil, <strong>comme le montre cette vid\u00e9o, r\u00e9v\u00e9l\u00e9e ce mardi par ICI Paris.<\/strong><\/p>\n<p>Selon le parquet, les suspects \u00ab\u00a0sont susceptibles d\u2019avoir utilis\u00e9 une ligne de t\u00e9l\u00e9phone croate, dont le suivi atteste d\u2019un franchissement de la fronti\u00e8re franco-belge d\u00e8s le mardi matin, apr\u00e8s la commission des faits\u00a0\u00bb.<\/p>\n<p>L&rsquo;enqu\u00eate se poursuit pour \u00ab\u00a0violences volontaires sans incapacit\u00e9 en raison de l&rsquo;appartenance ou de la non-appartenance, vraie ou suppos\u00e9e, de la victime \u00e0 une ethnie, une nation, une pr\u00e9tendue race ou une religion d\u00e9termin\u00e9e, commises dans le but de servir les int\u00e9r\u00eats d&rsquo;une puissance \u00e9trang\u00e8re ou d&rsquo;une entreprise ou d&rsquo;une organisation \u00e9trang\u00e8re, ou sous contr\u00f4le \u00e9tranger\u00a0\u00bb et pour \u00ab\u00a0provocation publique \u00e0 la haine ou \u00e0 la violence en raison de l&rsquo;origine, l&rsquo;ethnie, la nation, la race ou la religion\u00a0\u00bb\u00a0.\u00a0Les investigations sont men\u00e9es sous la direction de la section de protection des libert\u00e9s publiques du parquet de Paris.<\/p>\n<p>Une affaire qui rappelle d&rsquo;autres ing\u00e9rences \u00e9trang\u00e8res<\/p>\n<p>D\u00e9j\u00e0 ce mardi, le pr\u00e9fet de Paris, Laurent Nunez s&rsquo;interrogeait\u00a0: \u00ab\u00a0L&rsquo;enqu\u00eate dira ce qu&rsquo;il en est, mais c\u00f4t\u00e9 pr\u00e9fecture de police, on ne peut s&#8217;emp\u00eacher de faire le rapprochement avec des actions pr\u00e9c\u00e9dentes\u00a0\u00bb, qui se sont r\u00e9v\u00e9l\u00e9es \u00eatre des\u00a0\u00ab\u00a0actions d&rsquo;ing\u00e9rence \u00e9trang\u00e8res\u00a0\u00bb, s&rsquo;interrogeait-il ce mardi, en faisant r\u00e9f\u00e9rence\u00a0\u00e0 <strong>de pr\u00e9c\u00e9dentes affaires, attribu\u00e9es de possibles ing\u00e9rences \u00e9trang\u00e8res<\/strong>, <a class=\"IciLink ici-link IciArticleLink g-ici-body-regular-1 underline brand svelte-lu7k6w\" href=\"https:\/\/www.francebleu.fr\/infos\/faits-divers-justice\/un-couple-de-moldaves-expulses-apres-avoir-tague-des-etoiles-de-david-a-paris-4433339\" rel=\"nofollow noopener\" target=\"_blank\">dont les tags d&rsquo;\u00e9toiles de David dans Paris \u00e0 l&rsquo;automne 2023<\/a>\u00a0ou de mains rouges sur le M\u00e9morial de la Shoah en mai 2024.<\/p>\n","protected":false},"excerpt":{"rendered":"Neuf t\u00eates de cochon ont \u00e9t\u00e9 d\u00e9couvertes devant des mosqu\u00e9es d&rsquo;\u00cele-de-France ce mardi. On apprend ce mercredi soir&hellip;\n","protected":false},"author":2,"featured_media":380918,"comment_status":"","ping_status":"","sticky":false,"template":"","format":"standard","meta":{"footnotes":""},"categories":[1592],"tags":[1111,11,1777,674,1011,27,662,12,626,25],"class_list":{"0":"post-380917","1":"post","2":"type-post","3":"status-publish","4":"format-standard","5":"has-post-thumbnail","7":"category-ile-de-france","8":"tag-actu","9":"tag-actualites","10":"tag-eu","11":"tag-europe","12":"tag-fr","13":"tag-france","14":"tag-ile-de-france","15":"tag-news","16":"tag-paris","17":"tag-republique-francaise"},"share_on_mastodon":{"url":"https:\/\/pubeurope.com\/@fr\/115181511286623516","error":""},"_links":{"self":[{"href":"https:\/\/www.europesays.com\/fr\/wp-json\/wp\/v2\/posts\/380917","targetHints":{"allow":["GET"]}}],"collection":[{"href":"https:\/\/www.europesays.com\/fr\/wp-json\/wp\/v2\/posts"}],"about":[{"href":"https:\/\/www.europesays.com\/fr\/wp-json\/wp\/v2\/types\/post"}],"author":[{"embeddable":true,"href":"https:\/\/www.europesays.com\/fr\/wp-json\/wp\/v2\/users\/2"}],"replies":[{"embeddable":true,"href":"https:\/\/www.europesays.com\/fr\/wp-json\/wp\/v2\/comments?post=380917"}],"version-history":[{"count":0,"href":"https:\/\/www.europesays.com\/fr\/wp-json\/wp\/v2\/posts\/380917\/revisions"}],"wp:featuredmedia":[{"embeddable":true,"href":"https:\/\/www.europesays.com\/fr\/wp-json\/wp\/v2\/media\/380918"}],"wp:attachment":[{"href":"https:\/\/www.europesays.com\/fr\/wp-json\/wp\/v2\/media?parent=380917"}],"wp:term":[{"taxonomy":"category","embeddable":true,"href":"https:\/\/www.europesays.com\/fr\/wp-json\/wp\/v2\/categories?post=380917"},{"taxonomy":"post_tag","embeddable":true,"href":"https:\/\/www.europesays.com\/fr\/wp-json\/wp\/v2\/tags?post=380917"}],"curies":[{"name":"wp","href":"https:\/\/api.w.org\/{rel}","templated":true}]}}