{"id":380923,"date":"2025-09-10T18:54:17","date_gmt":"2025-09-10T18:54:17","guid":{"rendered":"https:\/\/www.europesays.com\/fr\/380923\/"},"modified":"2025-09-10T18:54:17","modified_gmt":"2025-09-10T18:54:17","slug":"municipales-a-paris-chez-renaissance-clement-beaune-pret-a-etre-candidat","status":"publish","type":"post","link":"https:\/\/www.europesays.com\/fr\/380923\/","title":{"rendered":"Municipales \u00e0 Paris\u00a0: chez Renaissance, Cl\u00e9ment Beaune pr\u00eat \u00e0 \u00eatre candidat"},"content":{"rendered":"<p class=\"paragraph text_align_left lp-f-body-02\">Cela fait des semaines, voire des mois, qu\u2019il laisse planer le doute sur ses intentions en vue de la prochaine campagne des municipales \u00e0 Paris. Cl\u00e9ment Beaune, <a href=\"https:\/\/www.leparisien.fr\/politique\/sarah-el-hairy-et-clement-beaune-nommes-hauts-commissaires-lexecutif-accuse-de-recasage-05-03-2025-6MHDH4IFQJCDRM2JV457FVR4AE.php\" target=\"_blank\" rel=\"noreferrer nofollow noopener\">haut commissaire au Plan<\/a>, vient de redire aux membres parisiens de son parti, Renaissance, qu\u2019il se tenait disponible pour porter les couleurs du parti pr\u00e9sidentiel aux municipales dans la capitale.<\/p>\n<p class=\"paragraph text_align_left lp-f-body-02\">Alors que se tenait, ce week-end, l\u2019universit\u00e9 d\u2019\u00e9t\u00e9 de Renaissance Paris, l\u2019ancien ministre des Transports a renouvel\u00e9 son intention de se positionner dans la perspective de mars 2026. \u00ab Si nous choisissons de pr\u00e9senter un(e) candidat(e) en interne, il s\u2019est dit int\u00e9ress\u00e9 \u00bb, r\u00e9sume un participant.<\/p>\n<p class=\"paragraph text_align_left lp-f-body-02\">Cl\u00e9ment Beaune, qui a \u00e9t\u00e9 d\u00e9fait au premier tour des l\u00e9gislatives l\u2019an dernier face au socialiste <a href=\"https:\/\/www.leparisien.fr\/elections\/municipales\/municipales-a-paris-pas-daccord-avec-lfi-ni-au-premier-ni-au-second-tour-previent-emmanuel-gregoire-01-07-2025-UC4HXL3KBFHDBLO5IMKAW5OL5A.php\" target=\"_blank\" rel=\"noreferrer nofollow noopener\">Emmanuel Gr\u00e9goire (d\u00e9sormais candidat aux municipales)<\/a>, a m\u00eame publi\u00e9 un message ambigu sur le r\u00e9seau social X (anciennement Twitter) pour exprimer sa motivation. Il se dit \u00ab pr\u00eat \u00bb. Sans plus de pr\u00e9cision.<\/p>\n<p class=\"paragraph text_align_left lp-f-body-02\">Une position connue en interne et qui fait suite \u00e0<a href=\"https:\/\/www.leparisien.fr\/elections\/municipales\/nous-avons-trois-options-pour-les-municipales-a-paris-renaissance-choisira-son-candidat-a-lautomne-06-09-2025-MWKTP2MO3FEZND7VOWYI2V3QEE.php\" target=\"_blank\" rel=\"noreferrer nofollow noopener\"> la d\u00e9claration au Parisien du patron de Renaissance Paris samedi<\/a>. \u00ab Nous avons trois options : celle de soutenir Rachida Dati, ministre et investie par Les R\u00e9publicains. Il y a aussi la possibilit\u00e9 d\u2019un(e) candidat(e) des rangs de Renaissance, mais aussi des discussions avec Pierre-Yves Bournazel (Horizons). On choisira ce qui permet de plus peser pour la suite et gagner \u00bb, assurait Sylvain Maillard.<\/p>\n<p>Pas \u00ab fan num\u00e9ro 1 de Dati \u00bb<\/p>\n<p class=\"paragraph text_align_left lp-f-body-02\">Un message re\u00e7u cinq sur cinq par Cl\u00e9ment Beaune. En comit\u00e9 politique du d\u00e9but de l\u2019\u00e9t\u00e9, cet ancien proche d\u2019Emmanuel Macron avait d\u00e9j\u00e0 fait part de sa vision pour les municipales. \u00ab Il nous avait d\u00e9j\u00e0 dit qu\u2019il \u00e9tait disponible, candidat \u00e0 la candidature. Il a laiss\u00e9 planer l\u2019ambigu\u00eft\u00e9. On sait qu\u2019il n\u2019est pas le fan num\u00e9ro 1 de <a href=\"https:\/\/www.leparisien.fr\/elections\/municipales\/un-accord-de-dupes-investie-par-lr-pour-les-municipales-a-paris-rachida-dati-doit-encore-convaincre-son-camp-29-08-2025-NW6W4M5OZNAEDDLVEALPVZLXOQ.php\" target=\"_blank\" rel=\"noreferrer nofollow noopener\">Rachida Dati<\/a> (Beaune vient de l\u2019aile gauche de Renaissance) \u00bb, raconte un participant \u00e0 cette r\u00e9union de la direction parisienne du parti pr\u00e9sidentiel.<\/p>\n<p class=\"paragraph text_align_left lp-f-body-02\">\u00ab Il plaide pour une candidature autonome. Il veut qu\u2019on y aille par nos propres couleurs. C\u2019est bien, une bonne initiative, mais <a href=\"https:\/\/www.leparisien.fr\/paris-75\/municipales-a-paris-y-a-t-il-eu-deal-entre-dati-et-macron-06-06-2025-O5ORAK6DSJAUXHWJAOXBHVM3VQ.php\" target=\"_blank\" rel=\"noreferrer nofollow noopener\">on n\u2019a pas senti un enthousiasme fou dans nos rangs<\/a> \u00bb, croit un autre membre de Renaissance.<\/p>\n<p class=\"paragraph text_align_left lp-f-body-02\">Au printemps dernier, sur Sud Radio, Cl\u00e9ment Beaune disait d\u00e9j\u00e0 vouloir \u00ab s\u2019engager dans cette campagne \u00bb, sans avoir \u00ab d\u00e9cid\u00e9 comment \u00bb. S\u2019il n\u2019\u00e9cartait \u00ab aucune possibilit\u00e9 \u00bb, il rappelait que Rachida Dati \u00ab n\u2019est pas de ma famille politique \u00bb. Contact\u00e9, Cl\u00e9ment Beaune n\u2019a pas r\u00e9pondu \u00e0 nos sollicitations.<\/p>\n<p class=\"paragraph text_align_left lp-f-body-02\">C\u2019est pourtant la ministre de la Culture d\u00e9missionnaire qui tient la corde pour recevoir, en octobre, le soutien de Renaissance pour ravir la mairie de Paris aux socialistes. M\u00eame si certains ne sont pas totalement convaincus ou ont des divergences avec Dati, \u00ab c\u2019est la mieux plac\u00e9e \u00bb, assurait<a href=\"https:\/\/www.leparisien.fr\/paris-75\/municipales-2026-a-paris-rachida-dati-une-tres-bonne-candidate-selon-le-chef-de-file-de-renaissance-22-11-2024-FHV5FH7WIFEVPCDYJZCDR24EEY.php\" target=\"_blank\" rel=\"noreferrer nofollow noopener\"> il y a des semaines Sylvain Maillard<\/a>.<\/p>\n<p class=\"paragraph text_align_left lp-f-body-02\">\u00ab Mais \u00e0 quoi joue Cl\u00e9ment Beaune ? \u00bb, s\u2019interroge une proche du parti macroniste. D\u2019autant que certains &#8211; ils ne sont plus nombreux &#8211; r\u00eavent toujours d\u2019une candidature de Gabriel Attal. Mais l\u2019ancien Premier ministre a \u00e9cart\u00e9 \u00e0 plusieurs reprises cette hypoth\u00e8se.<\/p>\n","protected":false},"excerpt":{"rendered":"Cela fait des semaines, voire des mois, qu\u2019il laisse planer le doute sur ses intentions en vue de&hellip;\n","protected":false},"author":2,"featured_media":380924,"comment_status":"","ping_status":"","sticky":false,"template":"","format":"standard","meta":{"footnotes":""},"categories":[1888],"tags":[11,5949,1777,674,1011,27,3554,12,626,316,25],"class_list":{"0":"post-380923","1":"post","2":"type-post","3":"status-publish","4":"format-standard","5":"has-post-thumbnail","7":"category-paris","8":"tag-actualites","9":"tag-elections","10":"tag-eu","11":"tag-europe","12":"tag-fr","13":"tag-france","14":"tag-municipales","15":"tag-news","16":"tag-paris","17":"tag-politique","18":"tag-republique-francaise"},"share_on_mastodon":{"url":"https:\/\/pubeurope.com\/@fr\/115181523071245345","error":""},"_links":{"self":[{"href":"https:\/\/www.europesays.com\/fr\/wp-json\/wp\/v2\/posts\/380923","targetHints":{"allow":["GET"]}}],"collection":[{"href":"https:\/\/www.europesays.com\/fr\/wp-json\/wp\/v2\/posts"}],"about":[{"href":"https:\/\/www.europesays.com\/fr\/wp-json\/wp\/v2\/types\/post"}],"author":[{"embeddable":true,"href":"https:\/\/www.europesays.com\/fr\/wp-json\/wp\/v2\/users\/2"}],"replies":[{"embeddable":true,"href":"https:\/\/www.europesays.com\/fr\/wp-json\/wp\/v2\/comments?post=380923"}],"version-history":[{"count":0,"href":"https:\/\/www.europesays.com\/fr\/wp-json\/wp\/v2\/posts\/380923\/revisions"}],"wp:featuredmedia":[{"embeddable":true,"href":"https:\/\/www.europesays.com\/fr\/wp-json\/wp\/v2\/media\/380924"}],"wp:attachment":[{"href":"https:\/\/www.europesays.com\/fr\/wp-json\/wp\/v2\/media?parent=380923"}],"wp:term":[{"taxonomy":"category","embeddable":true,"href":"https:\/\/www.europesays.com\/fr\/wp-json\/wp\/v2\/categories?post=380923"},{"taxonomy":"post_tag","embeddable":true,"href":"https:\/\/www.europesays.com\/fr\/wp-json\/wp\/v2\/tags?post=380923"}],"curies":[{"name":"wp","href":"https:\/\/api.w.org\/{rel}","templated":true}]}}