{"id":380929,"date":"2025-09-10T18:57:11","date_gmt":"2025-09-10T18:57:11","guid":{"rendered":"https:\/\/www.europesays.com\/fr\/380929\/"},"modified":"2025-09-10T18:57:11","modified_gmt":"2025-09-10T18:57:11","slug":"edito-enfin-un-debut-de-reveil-europeen","status":"publish","type":"post","link":"https:\/\/www.europesays.com\/fr\/380929\/","title":{"rendered":"EDITO. Enfin, un d\u00e9but de r\u00e9veil europ\u00e9en"},"content":{"rendered":"<p>L\u2019\u00e9t\u00e9 fut un long supplice pour quiconque est attach\u00e9 \u00e0 l\u2019id\u00e9e et \u00e0 la puissance europ\u00e9ennes. Peu audible sur l\u2019Ukraine, humili\u00e9e dans la guerre commerciale d\u00e9clar\u00e9e par Trump, incapable de s\u2019entendre sur des sanctions contre Isra\u00ebl malgr\u00e9 l\u2019indignation suscit\u00e9e par le d\u00e9sastre humanitaire \u00e0 Gaza, l\u2019Union europ\u00e9enne a fait p\u00e2le figure face aux \u00c9tats-Unis, \u00e0 la Chine, \u00e0 la Russie. Trois g\u00e9ants n\u2019ayant que m\u00e9pris pour la d\u00e9mocratie lib\u00e9rale et l\u2019\u00c9tat de droit.<\/p>\n<p>Notre rel\u00e9gation tient en deux images\u00a0: le t\u00eate-\u00e0-t\u00eate entre Donald Trump et Vladimir Poutine en Alaska, \u00e0 propos de la guerre en Ukraine, qui concerne au premier chef la s\u00e9curit\u00e9 des Europ\u00e9ens mais nous n\u2019\u00e9tions pas invit\u00e9s, et la photo d\u2019Ursula von der Leyen, pr\u00e9sidente de la Commission, avec le pr\u00e9sident am\u00e9ricain, qu\u2019elle a rejoint piteusement sur un terrain de golf en Ecosse, pour annoncer dans un sourire crisp\u00e9 \u00ab\u00a0l\u2019accord\u00a0\u00bb sur les tarifs douaniers.<\/p>\n<p>Soucieuse d\u2019\u00e9viter \u00e0 tout prix \u00ab\u00a0une escalade inutile\u00a0\u00bb, la cheffe de la Commission est devenue l\u2019incarnation d\u2019une forme de faiblesse. Proc\u00e8s sans doute un peu facile, tant sa mission est acrobatique. Elle doit jongler entre 27 \u00c9tats, une machine institutionnelle lente, une d\u00e9pendance militaire forte \u00e0 l\u2019\u00e9gard des \u00c9tats-Unis\u2026.<\/p>\n<blockquote><p>S\u2019il ne rel\u00e8ve \u00e0 ce stade que du verbe, ce discours marque un sursaut, l\u2019expression d\u2019une volont\u00e9<\/p><\/blockquote>\n<p>Apr\u00e8s des mois d\u2019extr\u00eame prudence, voire de r\u00e9signation, Ursula von der Leyen\u00a0a surpris<a href=\"https:\/\/www.sudouest.fr\/international\/europe\/ursula-von-der-leyen\/europe-defense-ukraine-gaza-droits-de-douane-ce-qu-il-faut-retenir-du-discours-de-rentree-d-ursula-von-der-leyen-25867223.php\" target=\"_blank\" rel=\"follow nofollow noopener\"> en livrant, ce mercredi, au\u00a0Parlement europ\u00e9en, un discours offensif<\/a>. Elle a multipli\u00e9 les propositions. Financement d\u2019un \u00ab\u00a0pr\u00eat de la r\u00e9paration\u00a0\u00bb \u00e0 Kiev gr\u00e2ce aux int\u00e9r\u00eats des avoirs russes gel\u00e9s, suppression du \u00ab\u00a0carcan de l\u2019unanimit\u00e9\u00a0\u00bb en mati\u00e8re de politique \u00e9trang\u00e8re, pour passer \u00e0 la majorit\u00e9 qualifi\u00e9e, et agir par exemple sans craindre le veto de la Hongrie, \u00ab\u00a0suspension partielle de l\u2019accord UE-Isra\u00ebl sur le commerce\u00a0\u00bb\u2026 Qu\u2019en restera-t-il\u00a0? Ursula von der Leyen manque d\u2019armes politiques. Elle a reconnu qu\u2019il lui serait difficile de \u00ab\u00a0recueillir des majorit\u00e9s\u00a0\u00bb sur plusieurs sujets. La question de l\u2019unanimit\u00e9 dit la complexit\u00e9 de l\u2019\u00e9quation. Pour la supprimer, il faut\u2026 l\u2019unanimit\u00e9.<\/p>\n<p>Mais s\u2019il ne rel\u00e8ve \u00e0 ce stade que du verbe, ce discours marque un sursaut, l\u2019expression d\u2019une volont\u00e9. Il succ\u00e8de de quelques jours \u00e0 une d\u00e9cision de la commission europ\u00e9enne, elle tr\u00e8s concr\u00e8te\u00a0: <a href=\"https:\/\/www.sudouest.fr\/international\/l-amende-infligee-par-la-commission-a-google-relance-les-tensions-commerciales-transatlantiques-25860115.php\" target=\"_blank\" rel=\"follow nofollow noopener\">l\u2019amende de 3\u00a0milliards d\u2019euros inflig\u00e9e \u00e0 Google, pour abus de position dominante<\/a>, au m\u00e9pris des menaces de Donald Trump. Face aux intimidations et \u00e0 l\u2019habituelle brutalit\u00e9 du pr\u00e9sident am\u00e9ricain, l\u2019Europe a tenu. Le Vieux continent commence \u00e0 se r\u00e9veiller. Il \u00e9tait temps.<\/p>\n","protected":false},"excerpt":{"rendered":"L\u2019\u00e9t\u00e9 fut un long supplice pour quiconque est attach\u00e9 \u00e0 l\u2019id\u00e9e et \u00e0 la puissance europ\u00e9ennes. Peu audible&hellip;\n","protected":false},"author":2,"featured_media":380930,"comment_status":"","ping_status":"","sticky":false,"template":"","format":"standard","meta":{"footnotes":""},"categories":[1590],"tags":[11,1777,674,12,220],"class_list":{"0":"post-380929","1":"post","2":"type-post","3":"status-publish","4":"format-standard","5":"has-post-thumbnail","7":"category-ukraine","8":"tag-actualites","9":"tag-eu","10":"tag-europe","11":"tag-news","12":"tag-ukraine"},"share_on_mastodon":{"url":"https:\/\/pubeurope.com\/@fr\/115181535138209198","error":""},"_links":{"self":[{"href":"https:\/\/www.europesays.com\/fr\/wp-json\/wp\/v2\/posts\/380929","targetHints":{"allow":["GET"]}}],"collection":[{"href":"https:\/\/www.europesays.com\/fr\/wp-json\/wp\/v2\/posts"}],"about":[{"href":"https:\/\/www.europesays.com\/fr\/wp-json\/wp\/v2\/types\/post"}],"author":[{"embeddable":true,"href":"https:\/\/www.europesays.com\/fr\/wp-json\/wp\/v2\/users\/2"}],"replies":[{"embeddable":true,"href":"https:\/\/www.europesays.com\/fr\/wp-json\/wp\/v2\/comments?post=380929"}],"version-history":[{"count":0,"href":"https:\/\/www.europesays.com\/fr\/wp-json\/wp\/v2\/posts\/380929\/revisions"}],"wp:featuredmedia":[{"embeddable":true,"href":"https:\/\/www.europesays.com\/fr\/wp-json\/wp\/v2\/media\/380930"}],"wp:attachment":[{"href":"https:\/\/www.europesays.com\/fr\/wp-json\/wp\/v2\/media?parent=380929"}],"wp:term":[{"taxonomy":"category","embeddable":true,"href":"https:\/\/www.europesays.com\/fr\/wp-json\/wp\/v2\/categories?post=380929"},{"taxonomy":"post_tag","embeddable":true,"href":"https:\/\/www.europesays.com\/fr\/wp-json\/wp\/v2\/tags?post=380929"}],"curies":[{"name":"wp","href":"https:\/\/api.w.org\/{rel}","templated":true}]}}