{"id":380931,"date":"2025-09-10T18:58:23","date_gmt":"2025-09-10T18:58:23","guid":{"rendered":"https:\/\/www.europesays.com\/fr\/380931\/"},"modified":"2025-09-10T18:58:23","modified_gmt":"2025-09-10T18:58:23","slug":"pourquoi-la-frappe-israelienne-au-qatar-met-donald-trump-dans-lembarras-lexpress","status":"publish","type":"post","link":"https:\/\/www.europesays.com\/fr\/380931\/","title":{"rendered":"Pourquoi la frappe isra\u00e9lienne au Qatar met Donald Trump dans l\u2019embarras \u2013 L&rsquo;Express"},"content":{"rendered":"<p class=\"paragraph article-body-paragraph article__item   article-body-paragraph--first \">Pour la premi\u00e8re fois depuis son retour \u00e0 la Maison-Blanche en janvier dernier, Donald Trump a critiqu\u00e9 une <a href=\"https:\/\/www.lexpress.fr\/monde\/proche-moyen-orient\/attaque-disrael-contre-le-hamas-au-qatar-ce-que-lon-sait-XDPPMTDVNNDK5HYKFHAZBOJI7A\/\" target=\"_self\" rel=\"noopener\" title=\"https:\/\/www.lexpress.fr\/monde\/proche-moyen-orient\/attaque-disrael-contre-le-hamas-au-qatar-ce-que-lon-sait-XDPPMTDVNNDK5HYKFHAZBOJI7A\/\">attaque men\u00e9e par Isra\u00ebl contre cinq cadres du Hamas, au Qatar<\/a>. Et pour cause : elle pourrait contrarier ses <a href=\"https:\/\/www.lexpress.fr\/monde\/proche-moyen-orient\/comment-benyamin-netanyahou-et-donald-trump-veulent-redessiner-le-moyen-orient-P4AMY2WVCNBO3PWVDSPD46IFUI\/\" target=\"_self\" rel=\"noopener\" title=\"https:\/\/www.lexpress.fr\/monde\/proche-moyen-orient\/comment-benyamin-netanyahou-et-donald-trump-veulent-redessiner-le-moyen-orient-P4AMY2WVCNBO3PWVDSPD46IFUI\/\">projets<\/a> diplomatiques dans la r\u00e9gion et remet en question sa cr\u00e9dibilit\u00e9 notamment dans les n\u00e9gociations de paix, \u00e9crit <a href=\"https:\/\/edition.cnn.com\/2025\/09\/10\/politics\/trump-israel-qatar-airstrikes-hamas-analysis\" target=\"_self\" rel=\"noopener\" title=\"https:\/\/edition.cnn.com\/2025\/09\/10\/politics\/trump-israel-qatar-airstrikes-hamas-analysis\">CNN<\/a>.<\/p>\n<p class=\"paragraph article-body-paragraph article__item   \">\u00ab\u00a0Je ne suis pas ravi\u00a0\u00bb et \u00ab\u00a0je suis tr\u00e8s m\u00e9content\u00a0\u00bb, a dit le pr\u00e9sident am\u00e9ricain pendant un bref \u00e9change avec la presse avant d\u2019aller d\u00eener dans un restaurant proche de la Maison-Blanche mardi soir. \u00ab\u00a0Non\u00a0\u00bb, a-t-il r\u00e9pondu en secouant la t\u00eate quand une journaliste lui a demand\u00e9 si Isra\u00ebl l\u2019avait pr\u00e9venu \u00e0 l\u2019avance, promettant de faire une \u00ab\u00a0d\u00e9claration compl\u00e8te\u00a0\u00bb mercredi. La d\u00e9cision de lancer une attaque au Qatar \u00ab\u00a0a \u00e9t\u00e9 prise par le Premier ministre (isra\u00e9lien Benjamin) Netanyahou, pas par moi\u00a0\u00bb, a-t-il pr\u00e9cis\u00e9 sur son r\u00e9seau Truth Social, \u00e9voquant un \u00ab\u00a0incident regrettable\u00a0\u00bb mais \u00ab\u00a0qui pourrait apporter une opportunit\u00e9 de PAIX\u00a0\u00bb, selon lui.<\/p>\n<p>\u00ab\u00a0Pas les objectifs de l\u2019Am\u00e9rique ni d\u2019Isra\u00ebl\u00a0\u00bb<\/p>\n<p class=\"paragraph article-body-paragraph article__item   \">Face \u00e0 la presse, le pr\u00e9sident am\u00e9ricain s\u2019est empress\u00e9 de se justifier mardi, indiquant que d\u00e8s lors qu\u2019il a \u00e9t\u00e9 inform\u00e9 d\u2019une frappe sur Doha, il a \u00ab\u00a0imm\u00e9diatement demand\u00e9 \u00e0 l\u2019\u00e9missaire sp\u00e9cial Steve Witkoff d\u2019informer le Qatar de l\u2019attaque imminente\u00a0\u00bb. Et de poursuivre : \u00ab\u00a0mais malheureusement trop tard pour arr\u00eater\u00a0\u00bb les frappes. \u00ab\u00a0L\u2019appel d\u2019un responsable am\u00e9ricain a eu lieu alors que les explosions \u00e9taient entendues \u00e0 Doha\u00a0\u00bb, a, de son c\u00f4t\u00e9, r\u00e9agi le porte-parole du minist\u00e8re qatari des Affaires \u00e9trang\u00e8res, Majed Al-Ansari, sur X.<\/p>\n<p><strong class=\"article-body-link-list__item text-gray-800 article-body-link-list__item--one-item\">LIRE AUSSI : <a class=\"article-body-link-list__item-link\" href=\"https:\/\/www.lexpress.fr\/monde\/proche-moyen-orient\/donald-trump-et-le-qatar-les-dessous-dune-operation-seduction-tres-strategique-B5RTYCQ7GFBNTIVA3FI347NDIE\/\" target=\"_blank\" rel=\"noopener\">Donald Trump et le Qatar : les dessous d&rsquo;une op\u00e9ration s\u00e9duction tr\u00e8s strat\u00e9gique<\/a><\/strong><\/p>\n<p class=\"paragraph article-body-paragraph article__item   \">\u00ab\u00a0Bombarder unilat\u00e9ralement le Qatar, un pays souverain et proche alli\u00e9 des Etats-Unis, qui travaille d\u2019arrache-pied et prend courageusement des risques avec nous pour n\u00e9gocier la paix, ne sert ni les int\u00e9r\u00eats d\u2019Isra\u00ebl ni ceux des Etats-Unis.\u00a0\u00bb Puis, il a ajout\u00e9 : \u00ab\u00a0Cependant, \u00e9liminer le Hamas, qui a profit\u00e9 de la mis\u00e8re des habitants de Gaza, est un objectif louable\u00a0\u00bb.<\/p>\n<p>Un alli\u00e9 au Moyen-Orient<\/p>\n<p class=\"paragraph article-body-paragraph article__item   \">Tour \u00e0 tour, le pr\u00e9sident am\u00e9ricain s\u2019est entretenu avec le Premier ministre isra\u00e9lien Benjamin Netanyahou, puis avec l\u2019\u00e9mir du Qatar, cheikh Tamim ben Hamad Al-Thani, auquel il a \u00ab\u00a0assur\u00e9 qu\u2019une telle chose ne se reproduirait pas\u00a0\u00bb. Donald Trump a par ailleurs d\u00e9clar\u00e9 qu\u2019il se sentait \u00ab\u00a0tr\u00e8s mal \u00e0 propos du lieu de l\u2019attaque\u00a0\u00bb, au Qatar, un alli\u00e9 des Etats-Unis qui est un m\u00e9diateur essentiel dans les n\u00e9gociations de paix entre Isra\u00ebl et le Hamas, rappelle <a href=\"https:\/\/www.nytimes.com\/2025\/09\/09\/us\/politics\/israel-trump-gaza-qatar-bombing.html?unlocked_article_code=1.k08.Cz5f.wnuO-JQb__A1&amp;smid=em-share\" target=\"_self\" rel=\"noopener\" title=\"https:\/\/www.nytimes.com\/2025\/09\/09\/us\/politics\/israel-trump-gaza-qatar-bombing.html?unlocked_article_code=1.k08.Cz5f.wnuO-JQb__A1&amp;smid=em-share\">The New York Times<\/a>. Selon une analyse de la cha\u00eene CNN, \u00ab\u00a0s\u2019il est peu probable que les \u00e9v\u00e9nements au Moyen-Orient nuisent \u00e0 l\u2019image politique de Donald Trump aux \u00c9tats-Unis, pris dans d\u2019autres d\u00e9bats, l\u2019attaque d\u2019Isra\u00ebl, en plein jour \u00e0 Doha, pourrait toutefois \u00eatre ruineuse pour son image d\u2019homme fort et puissant \u2019faiseur de paix\u2019 \u00e0 l\u2019\u00e9tranger\u00a0\u00bb. D\u2019autant que l\u2019attaque est survenue alors que les responsables du Hamas se r\u00e9unissaient pour discuter d\u2019une proposition de cessez-le-feu soutenue par Donald Trump.<\/p>\n<p><strong class=\"article-body-link-list__item text-gray-800 article-body-link-list__item--one-item\">LIRE AUSSI : <a class=\"article-body-link-list__item-link\" href=\"https:\/\/www.lexpress.fr\/idees-et-debats\/alex-de-waal-je-navais-pas-imagine-devoir-un-jour-etudier-une-famine-directement-infligee-par-israel-NZR2BLVJLFAZNKJNV5ONXAADUA\/\" target=\"_blank\" rel=\"noopener\">Alex de Waal : \u00ab\u00a0Je n\u2019avais pas imagin\u00e9 devoir un jour \u00e9tudier une famine directement inflig\u00e9e par Isra\u00ebl\u00a0\u00bb<\/a><\/strong><\/p>\n<p class=\"paragraph article-body-paragraph article__item   \">Donald Trump, son vice-pr\u00e9sident J.D Vance et d\u2019autres cadres de son administration n\u2019ont cess\u00e9 de rappeler ces derni\u00e8res 24 heures qu\u2019Isra\u00ebl venait de s\u2019attaquer \u00e0 un \u00ab\u00a0alli\u00e9 souverain\u00a0\u00bb tr\u00e8s pr\u00e9cieux des Etats-Unis. En effet, apr\u00e8s des d\u00e9buts difficiles lors du premier mandat de Donald Trump entre 2016 et 2020, la relation entre Doha et Washington est aujourd\u2019hui normalis\u00e9e. Et Doha abrite aujourd\u2019hui 10 000 soldats am\u00e9ricains et constitue la plus grande base militaire des Etats-Unis au Moyen-Orient.<\/p>\n<p class=\"paragraph article-body-paragraph article__item   \">En mai, lors d\u2019une tourn\u00e9e au Moyen-Orient, Donald Trump s\u2019est d\u2019ailleurs chaleureusement affich\u00e9 aupr\u00e8s des dirigeants qataris. A cette occasion, le riche Etat gazier, lui a offert un Boeing 747-8, estim\u00e9 \u00e0 400 millions de dollars par des experts. Doha a indiqu\u00e9 qu\u2019elle continuerait de jouer le r\u00f4le de m\u00e9diateur dans la guerre \u00e0 Gaza, tout en affirmant \u00ab\u00a0se r\u00e9server le droit de r\u00e9pondre\u00a0\u00bb.<\/p>\n<p>Compromettre le processus de normalisation<\/p>\n<p class=\"paragraph article-body-paragraph article__item   \">L\u2019\u00e9pisode de ce mardi souligne, selon le quotidien new-yorkais, l\u2019approche d\u00e9sordonn\u00e9e de Donald Trump dans la <a href=\"https:\/\/www.lexpress.fr\/monde\/proche-moyen-orient\/attaque-du-hamas-israel-de-nouveau-en-guerre-contre-gaza-5HUCJ5IEKVD6FHMPYLBZMFZ6NQ\/\" target=\"_self\" rel=\"noopener\" title=\"https:\/\/www.lexpress.fr\/monde\/proche-moyen-orient\/attaque-du-hamas-israel-de-nouveau-en-guerre-contre-gaza-5HUCJ5IEKVD6FHMPYLBZMFZ6NQ\/\">guerre de Gaza<\/a>, l\u2019un des nombreux conflits mondiaux auquel il a promis de mettre fin. Depuis son arriv\u00e9e au pouvoir, la strat\u00e9gie du pr\u00e9sident am\u00e9ricain a \u00e9t\u00e9 marqu\u00e9e par des \u00ab\u00a0\u00e9ch\u00e9ances manqu\u00e9es\u00a0\u00bb, des \u00ab\u00a0menaces vagues\u00a0\u00bb et des \u00ab\u00a0d\u00e9clarations contradictoires\u00a0\u00bb sur la mani\u00e8re dont Isra\u00ebl devrait atteindre son objectif d\u2019\u00e9liminer la menace du Hamas, poursuit le journal.<\/p>\n<p><strong class=\"article-body-link-list__item text-gray-800 article-body-link-list__item--one-item\">LIRE AUSSI : <a class=\"article-body-link-list__item-link\" href=\"https:\/\/www.lexpress.fr\/monde\/proche-moyen-orient\/cette-cicatrice-ne-nous-quittera-pas-en-israel-le-syndrome-de-la-guerre-perpetuelle-OXJAH3RUUBBWXP5RGWGY24DXUI\/\" target=\"_blank\" rel=\"noopener\">\u00ab\u00a0Cette cicatrice ne nous quittera pas\u00a0\u00bb : en Isra\u00ebl, le syndrome de la guerre perp\u00e9tuelle<\/a><\/strong><\/p>\n<p class=\"paragraph article-body-paragraph article__item   \">L\u2019attaque \u00e0 Doha, unanimement condamn\u00e9e par les dirigeants des pays de la r\u00e9gion, pourrait par ailleurs compromettre l\u2019une des grandes ambitions diplomatiques de Donald Trump, \u00e0 savoir pousser le processus de <a href=\"https:\/\/www.lexpress.fr\/monde\/proche-moyen-orient\/apres-les-emirats-quels-pays-pourraient-normaliser-leurs-relations-avec-israel_2133130.html\" target=\"_self\" rel=\"noopener\" title=\"https:\/\/www.lexpress.fr\/monde\/proche-moyen-orient\/apres-les-emirats-quels-pays-pourraient-normaliser-leurs-relations-avec-israel_2133130.html\">normalisation des relations entre Isra\u00ebl et les Etats arabes<\/a>. Tandis que les dirigeants d\u2019autres Etats du Golfe, dont l\u2019Arabie saoudite, pourraient rapidement se demander si, malgr\u00e9 leur proximit\u00e9 avec Washington, Isra\u00ebl peut les frapper en toute impunit\u00e9 comme le Qatar, conclut CNN.<\/p>\n","protected":false},"excerpt":{"rendered":"Pour la premi\u00e8re fois depuis son retour \u00e0 la Maison-Blanche en janvier dernier, Donald Trump a critiqu\u00e9 une&hellip;\n","protected":false},"author":2,"featured_media":380932,"comment_status":"","ping_status":"","sticky":false,"template":"","format":"standard","meta":{"footnotes":""},"categories":[1589],"tags":[11,782,73,1866,74,12,31,1864,1865,1863,308],"class_list":{"0":"post-380931","1":"post","2":"type-post","3":"status-publish","4":"format-standard","5":"has-post-thumbnail","7":"category-etats-unis","8":"tag-actualites","9":"tag-ameriques","10":"tag-etats-unis","11":"tag-etats-unis-damerique","12":"tag-monde","13":"tag-news","14":"tag-proche-et-moyen-orient","15":"tag-united-states","16":"tag-united-states-of-america","17":"tag-us","18":"tag-usa"},"share_on_mastodon":{"url":"https:\/\/pubeurope.com\/@fr\/115181538902160873","error":""},"_links":{"self":[{"href":"https:\/\/www.europesays.com\/fr\/wp-json\/wp\/v2\/posts\/380931","targetHints":{"allow":["GET"]}}],"collection":[{"href":"https:\/\/www.europesays.com\/fr\/wp-json\/wp\/v2\/posts"}],"about":[{"href":"https:\/\/www.europesays.com\/fr\/wp-json\/wp\/v2\/types\/post"}],"author":[{"embeddable":true,"href":"https:\/\/www.europesays.com\/fr\/wp-json\/wp\/v2\/users\/2"}],"replies":[{"embeddable":true,"href":"https:\/\/www.europesays.com\/fr\/wp-json\/wp\/v2\/comments?post=380931"}],"version-history":[{"count":0,"href":"https:\/\/www.europesays.com\/fr\/wp-json\/wp\/v2\/posts\/380931\/revisions"}],"wp:featuredmedia":[{"embeddable":true,"href":"https:\/\/www.europesays.com\/fr\/wp-json\/wp\/v2\/media\/380932"}],"wp:attachment":[{"href":"https:\/\/www.europesays.com\/fr\/wp-json\/wp\/v2\/media?parent=380931"}],"wp:term":[{"taxonomy":"category","embeddable":true,"href":"https:\/\/www.europesays.com\/fr\/wp-json\/wp\/v2\/categories?post=380931"},{"taxonomy":"post_tag","embeddable":true,"href":"https:\/\/www.europesays.com\/fr\/wp-json\/wp\/v2\/tags?post=380931"}],"curies":[{"name":"wp","href":"https:\/\/api.w.org\/{rel}","templated":true}]}}