{"id":380933,"date":"2025-09-10T18:59:22","date_gmt":"2025-09-10T18:59:22","guid":{"rendered":"https:\/\/www.europesays.com\/fr\/380933\/"},"modified":"2025-09-10T18:59:22","modified_gmt":"2025-09-10T18:59:22","slug":"ce-groupe-renonce-a-un-centre-de-recherche-a-1-milliard-de-livres-au-royaume-uni","status":"publish","type":"post","link":"https:\/\/www.europesays.com\/fr\/380933\/","title":{"rendered":"Ce groupe renonce \u00e0 un centre de recherche \u00e0 1 milliard de livres au Royaume-Uni"},"content":{"rendered":"<p><a href=\"https:\/\/www.lalibre.be\/economie\/entreprises-startup\/2022\/02\/03\/la-pilule-anti-covid-du-laboratoire-americain-merck-vendue-a-952-millions-de-dollars-fin-2021-7IULHYRHNBHEHPW3A3VYTMVH4E\/\" target=\"_blank\" rel=\"noopener noreferrer\" class=\"ap-StoryInterstitialLink ap-StoryElement ap-StoryElement--mb\">Pilule anti-Covid de Merck : le laboratoire am\u00e9ricain en a vendu pour 952 millions de dollars fin 2021<\/a><\/p>\n<p class=\"ap-StoryElement ap-StoryElement--mb ap-StoryText\">Cette d\u00e9cision \u00ab\u00a0refl\u00e8te les difficult\u00e9s rencontr\u00e9es par le Royaume-Uni pour rem\u00e9dier au manque d&rsquo;investissements dans le secteur des sciences de la vie et \u00e0 la sous-\u00e9valuation g\u00e9n\u00e9rale (du prix) des m\u00e9dicaments et vaccins innovants par les gouvernements britanniques successifs\u00a0\u00bb, explique Merck, confirmant une information du Financial Times.<\/p>\n<p class=\"ap-StoryElement ap-StoryElement--mb ap-StoryText\">\u00ab\u00a0Pour faire simple, le Royaume-Uni n&rsquo;est pas comp\u00e9titif \u00e0 l&rsquo;\u00e9chelle internationale\u00a0\u00bb, a pr\u00e9cis\u00e9 l&rsquo;entreprise au quotidien financier.<\/p>\n<p class=\"ap-StoryElement ap-StoryElement--mb ap-StoryText\">Contact\u00e9 par l&rsquo;AFP, un porte-parole de l&rsquo;ex\u00e9cutif britannique a affirm\u00e9 que le gouvernement \u00e9tait \u00ab\u00a0pr\u00eat \u00e0 soutenir les personnes concern\u00e9es\u00a0\u00bb par la d\u00e9cision de l&rsquo;entreprise, sans r\u00e9agir directement \u00e0 l&rsquo;annonce.<\/p>\n<p class=\"ap-StoryElement ap-StoryElement--mb ap-StoryText\">\u00ab\u00a0Le Royaume-Uni est devenu l&rsquo;endroit le plus attractif au monde pour investir, mais nous savons que davantage de travail reste \u00e0 faire\u00a0\u00bb, a ajout\u00e9 ce porte-parole.<\/p>\n<p><a href=\"https:\/\/www.lalibre.be\/belgique\/judiciaire\/2022\/04\/23\/merck-fait-condamner-letat-belge-pour-une-affaire-de-traduction-de-brevet-AGPBB7HBBRCBDMKREW34RMI7XE\/\" target=\"_blank\" rel=\"noopener noreferrer\" class=\"ap-StoryInterstitialLink ap-StoryElement ap-StoryElement--mb\">Merck fait condamner l&rsquo;\u00c9tat belge pour une affaire de traduction de brevet<\/a><\/p>\n<p class=\"ap-StoryElement ap-StoryElement--mb ap-StoryText\">La d\u00e9cision de MSD intervient quelques mois apr\u00e8s l&rsquo;abandon par le g\u00e9ant pharmaceutique britannique AstraZeneca d&rsquo;un projet d&rsquo;usine de vaccins \u00e0 450 millions de livres (538 millions d&rsquo;euros) dans la r\u00e9gion de Liverpool, faute d&rsquo;un soutien gouvernemental suffisant.<\/p>\n<p class=\"ap-StoryElement ap-StoryElement--mb ap-StoryText\">Les groupes pharmaceutiques font face depuis des mois aux pressions de Donald Trump, qui veut les pousser \u00e0 investir et produire aux Etats-Unis.<\/p>\n<p class=\"ap-StoryElement ap-StoryElement--mb ap-StoryText\">MSD fait partie des 17 entreprises \u00e0 qui le pr\u00e9sident am\u00e9ricain a demand\u00e9 de pr\u00e9senter des \u00ab\u00a0engagements fermes\u00a0\u00bb pour abaisser le prix de leurs produits aux Etats-Unis d&rsquo;ici le 29 septembre, sous peine de repr\u00e9sailles.<\/p>\n<p><a href=\"https:\/\/www.lalibre.be\/international\/amerique\/2023\/06\/07\/etats-unis-merck-attaque-le-gouvernement-qui-veut-negocier-directement-le-prix-des-medicaments-MJJZKLOIP5FKRDS4IHCM4Z42XA\/\" target=\"_blank\" rel=\"noopener noreferrer\" class=\"ap-StoryInterstitialLink ap-StoryElement ap-StoryElement--mb\">\u00c9tats-Unis: Merck attaque le gouvernement, qui veut n\u00e9gocier directement le prix des m\u00e9dicaments<\/a><\/p>\n","protected":false},"excerpt":{"rendered":"Pilule anti-Covid de Merck : le laboratoire am\u00e9ricain en a vendu pour 952 millions de dollars fin 2021&hellip;\n","protected":false},"author":2,"featured_media":380934,"comment_status":"","ping_status":"","sticky":false,"template":"","format":"standard","meta":{"footnotes":""},"categories":[1588],"tags":[11,215,1777,674,6228,693,2554,12,15299,959,473,1853,1851,1850,1852,308],"class_list":{"0":"post-380933","1":"post","2":"type-post","3":"status-publish","4":"format-standard","5":"has-post-thumbnail","7":"category-royaume-uni","8":"tag-actualites","9":"tag-commerce","10":"tag-eu","11":"tag-europe","12":"tag-gb","13":"tag-industrie","14":"tag-investissements","15":"tag-news","16":"tag-pharmacie","17":"tag-recherche","18":"tag-royaume-uni","19":"tag-royaume-uni-de-grande-bretagne-et-dirlande-du-nord","20":"tag-uk","21":"tag-united-kingdom","22":"tag-united-kingdom-of-great-britain-and-northern-ireland","23":"tag-usa"},"share_on_mastodon":{"url":"https:\/\/pubeurope.com\/@fr\/115181543056654264","error":""},"_links":{"self":[{"href":"https:\/\/www.europesays.com\/fr\/wp-json\/wp\/v2\/posts\/380933","targetHints":{"allow":["GET"]}}],"collection":[{"href":"https:\/\/www.europesays.com\/fr\/wp-json\/wp\/v2\/posts"}],"about":[{"href":"https:\/\/www.europesays.com\/fr\/wp-json\/wp\/v2\/types\/post"}],"author":[{"embeddable":true,"href":"https:\/\/www.europesays.com\/fr\/wp-json\/wp\/v2\/users\/2"}],"replies":[{"embeddable":true,"href":"https:\/\/www.europesays.com\/fr\/wp-json\/wp\/v2\/comments?post=380933"}],"version-history":[{"count":0,"href":"https:\/\/www.europesays.com\/fr\/wp-json\/wp\/v2\/posts\/380933\/revisions"}],"wp:featuredmedia":[{"embeddable":true,"href":"https:\/\/www.europesays.com\/fr\/wp-json\/wp\/v2\/media\/380934"}],"wp:attachment":[{"href":"https:\/\/www.europesays.com\/fr\/wp-json\/wp\/v2\/media?parent=380933"}],"wp:term":[{"taxonomy":"category","embeddable":true,"href":"https:\/\/www.europesays.com\/fr\/wp-json\/wp\/v2\/categories?post=380933"},{"taxonomy":"post_tag","embeddable":true,"href":"https:\/\/www.europesays.com\/fr\/wp-json\/wp\/v2\/tags?post=380933"}],"curies":[{"name":"wp","href":"https:\/\/api.w.org\/{rel}","templated":true}]}}