{"id":380935,"date":"2025-09-10T19:00:23","date_gmt":"2025-09-10T19:00:23","guid":{"rendered":"https:\/\/www.europesays.com\/fr\/380935\/"},"modified":"2025-09-10T19:00:23","modified_gmt":"2025-09-10T19:00:23","slug":"lequipe-feminine-u17-du-vietnam-arrive-en-allemagne-et-lance-le-programme-bundesliga-dream","status":"publish","type":"post","link":"https:\/\/www.europesays.com\/fr\/380935\/","title":{"rendered":"L&rsquo;\u00e9quipe f\u00e9minine U17 du Vietnam arrive en Allemagne et lance le programme \u00ab\u00a0Bundesliga Dream\u00a0\u00bb"},"content":{"rendered":"<p><img decoding=\"async\" alt=\"L'\u00e9quipe f\u00e9minine des moins de 17 ans du Vietnam arrive en Allemagne et lance le programme \u00ab\u00a0Bundesliga Dream\u00a0\u00bb - photo 1\" src=\"https:\/\/www.europesays.com\/fr\/wp-content\/uploads\/2025\/09\/bd017f9752bd419d935f2029d5b01140.jpeg\" data-original=\"https:\/\/media.baovanhoa.vn\/uploaded\/nguyenthusam\/2025_09_10\/z6996948062314fa1e2b98a74d4feee75c158b53f6281e-2048x1251_xcho.jpg\"\/> Les jeunes joueurs \u00e9taient encore pleins d&rsquo;\u00e9nergie apr\u00e8s le long vol.<\/p>\n<p> Le long voyage n&rsquo;a pas entam\u00e9 l&rsquo;enthousiasme et la d\u00e9termination des jeunes joueurs. D\u00e8s leur sortie de l&rsquo;a\u00e9roport, toute l&rsquo;\u00e9quipe a \u00e9t\u00e9 chaleureusement accueillie par les repr\u00e9sentants de la Bundesliga et du Borussia Dortmund, cr\u00e9ant une ambiance conviviale et chaleureuse d\u00e8s leur arriv\u00e9e en Allemagne, l&rsquo;un des pays o\u00f9 <a class=\"data-link\" data-org-href=\"https:\/\/www.vietnam.vn\/category\/the-gioi\" href=\"https:\/\/www.vietnam.vn\/category\/the-gioi\" title=\"monde\" target=\"_blank\" rel=\"noopener\">le football moderne est le plus performant au monde<\/a> .<\/p>\n<p> Selon le plan, l&rsquo;\u00e9quipe f\u00e9minine U17 du Vietnam restera \u00e0 Dortmund jusqu&rsquo;au 16 septembre. Pendant ce temps, l&rsquo;\u00e9quipe participera \u00e0 un programme d&rsquo;entra\u00eenement intensif, combin\u00e9 \u00e0 des s\u00e9ances d&rsquo;\u00e9change et d&rsquo;apprentissage directs avec des entra\u00eeneurs, des experts et des joueurs du Borussia Dortmund Club.<\/p>\n<p> Il s\u2019agit non seulement d\u2019une opportunit\u00e9 pour les jeunes joueurs d\u2019acqu\u00e9rir de l\u2019exp\u00e9rience en comp\u00e9tition et de perfectionner leurs comp\u00e9tences et leurs tactiques, mais aussi d\u2019une opportunit\u00e9 d\u2019acc\u00e9der \u00e0 un environnement de football professionnel international, renfor\u00e7ant ainsi leur courage et leur confiance pour le chemin de d\u00e9veloppement \u00e0 venir.<\/p>\n<p> Le voyage d&rsquo;entra\u00eenement en Allemagne, bas\u00e9 sur la coop\u00e9ration entre la F\u00e9d\u00e9ration vietnamienne de football et la F\u00e9d\u00e9ration allemande de football, devrait devenir un tremplin important, aidant les jeunes joueurs U17 \u00e0 accumuler une base solide, visant de nouveaux objectifs sur la sc\u00e8ne continentale. <\/p>\n<p><img decoding=\"async\" alt=\"L'\u00e9quipe f\u00e9minine des moins de 17 ans du Vietnam arrive en Allemagne et lance le programme \u00ab\u00a0Bundesliga Dream\u00a0\u00bb - photo 2\" src=\"https:\/\/www.europesays.com\/fr\/wp-content\/uploads\/2025\/09\/92990b6b5d7045a285a6887288d179e1.jpeg\" data-original=\"https:\/\/media.baovanhoa.vn\/uploaded\/nguyenthusam\/2025_09_10\/z6996948045818fe60c05b6cfcf3b1cfd73b093ccda8a0-2048x1477_ulgq.jpg\"\/> L&rsquo;\u00e9quipe f\u00e9minine des moins de 17 ans du Vietnam sera \u00e0 Dortmund jusqu&rsquo;au 16 septembre.<\/p>\n<p> Avec la d\u00e9termination et le soutien du staff technique et des partenaires internationaux, l&rsquo;\u00e9quipe f\u00e9minine des moins de 17 ans du Vietnam est convaincue qu&rsquo;elle tirera le meilleur parti de cette opportunit\u00e9 pour se d\u00e9velopper de mani\u00e8re globale, contribuant ainsi \u00e0 b\u00e2tir un avenir radieux pour le football f\u00e9minin vietnamien. <\/p>\n<p class=\"mb-0\">Source : https:\/\/baovanhoa.vn\/the-thao\/u17-nu-viet-nam-dat-chan-toi-duc-bat-dau-chuong-trinh-giac-mo-bundesliga-167352.html<\/p>\n","protected":false},"excerpt":{"rendered":"Les jeunes joueurs \u00e9taient encore pleins d&rsquo;\u00e9nergie apr\u00e8s le long vol. Le long voyage n&rsquo;a pas entam\u00e9 l&rsquo;enthousiasme&hellip;\n","protected":false},"author":2,"featured_media":380936,"comment_status":"","ping_status":"","sticky":false,"template":"","format":"standard","meta":{"footnotes":""},"categories":[1587],"tags":[11,672,5696,1804,1805,1803,1777,674,1801,51414,12,1802],"class_list":{"0":"post-380935","1":"post","2":"type-post","3":"status-publish","4":"format-standard","5":"has-post-thumbnail","7":"category-allemagne","8":"tag-actualites","9":"tag-allemagne","10":"tag-borussia-dortmund","11":"tag-bundesrepublik-deutschland","12":"tag-de","13":"tag-deutschland","14":"tag-eu","15":"tag-europe","16":"tag-germany","17":"tag-journal-culturel","18":"tag-news","19":"tag-republique-federale-dallemagne"},"share_on_mastodon":{"url":"https:\/\/pubeurope.com\/@fr\/115181547293855295","error":""},"_links":{"self":[{"href":"https:\/\/www.europesays.com\/fr\/wp-json\/wp\/v2\/posts\/380935","targetHints":{"allow":["GET"]}}],"collection":[{"href":"https:\/\/www.europesays.com\/fr\/wp-json\/wp\/v2\/posts"}],"about":[{"href":"https:\/\/www.europesays.com\/fr\/wp-json\/wp\/v2\/types\/post"}],"author":[{"embeddable":true,"href":"https:\/\/www.europesays.com\/fr\/wp-json\/wp\/v2\/users\/2"}],"replies":[{"embeddable":true,"href":"https:\/\/www.europesays.com\/fr\/wp-json\/wp\/v2\/comments?post=380935"}],"version-history":[{"count":0,"href":"https:\/\/www.europesays.com\/fr\/wp-json\/wp\/v2\/posts\/380935\/revisions"}],"wp:featuredmedia":[{"embeddable":true,"href":"https:\/\/www.europesays.com\/fr\/wp-json\/wp\/v2\/media\/380936"}],"wp:attachment":[{"href":"https:\/\/www.europesays.com\/fr\/wp-json\/wp\/v2\/media?parent=380935"}],"wp:term":[{"taxonomy":"category","embeddable":true,"href":"https:\/\/www.europesays.com\/fr\/wp-json\/wp\/v2\/categories?post=380935"},{"taxonomy":"post_tag","embeddable":true,"href":"https:\/\/www.europesays.com\/fr\/wp-json\/wp\/v2\/tags?post=380935"}],"curies":[{"name":"wp","href":"https:\/\/api.w.org\/{rel}","templated":true}]}}