{"id":380939,"date":"2025-09-10T19:02:15","date_gmt":"2025-09-10T19:02:15","guid":{"rendered":"https:\/\/www.europesays.com\/fr\/380939\/"},"modified":"2025-09-10T19:02:15","modified_gmt":"2025-09-10T19:02:15","slug":"info-bv-ue-une-seconde-motion-de-censure-tres-severe-va-viser-von-der-leyen","status":"publish","type":"post","link":"https:\/\/www.europesays.com\/fr\/380939\/","title":{"rendered":"[INFO BV] UE : une seconde motion de censure tr\u00e8s s\u00e9v\u00e8re va viser von der Leyen"},"content":{"rendered":"<p>\u00ab L\u2019Europe doit prendre son ind\u00e9pendance \u00bb, \u00ab l\u2019Europe se bat \u00bb, a lanc\u00e9 Ursula von der Leyen devant le Parlement europ\u00e9en ce 10 septembre. Ce n\u2019est pas l\u2019avis de Jordan Bardella\u00a0: \u00ab\u00a0L\u2019UE ne d\u00e9fend plus l\u2019Europe\u00a0\u00bb qu\u2019elle entraine \u00ab\u00a0sur le chemin de la disparition et du d\u00e9clin\u00a0\u00bb, r\u00e9pond-il dans la foul\u00e9e \u00e0 la tribune. \u00ab L\u2019histoire vous jugera s\u00e9v\u00e8rement et notre peuple aussi \u00bb, conclut Bardella. \u00ab Nous n\u2019attendons plus rien de vous et vous trouvez tout de m\u00eame le moyen de nous d\u00e9cevoir \u00bb, ajoute Sarah Knafo face \u00e0 une von der Leyen impassible. \u00ab Nous attendions que vous remettiez vos SMS avec Pfizer \u00e0 la justice, mais l\u2019\u00c9tat de droit c\u2019est uniquement pour les autres \u00bb, insiste Sarah Knafo. <a href=\"https:\/\/www.lemonde.fr\/international\/article\/2025\/09\/09\/ursula-von-der-leyen-visage-de-la-faiblesse-de-l-union-europeenne_6640055_3210.html\" target=\"_blank\" rel=\"noopener nofollow\">Ce 9 septembre, Le Monde <\/a>(Le Monde !) d\u00e9crit la pr\u00e9sidente de la Commission europ\u00e9enne comme \u00ab le visage de la faiblesse de l\u2019UE \u00bb&#8230;<\/p>\n<p>Le climat \u00e9tait logiquement \u00e9lectrique ce 10 septembre et il n\u2019a pas fini de se tendre autour d\u2019Ursula von der Leyen.<\/p>\n<p>Comme l\u2019a annonc\u00e9 Jordan Bardella lors de son propos au Parlement europ\u00e9en, une nouvelle motion de censure sera d\u00e9pos\u00e9e au Parlement europ\u00e9en ce 11 septembre 2025. Une proc\u00e9dure rare, \u00e9labor\u00e9e cette fois sous la houlette de Bardella et du d\u00e9put\u00e9 europ\u00e9en RN, chef de la d\u00e9l\u00e9gation fran\u00e7aise au sein du groupe des Patriotes europ\u00e9ens, Jean-Paul Garraud. D\u00e9j\u00e0, d\u00e9but juillet, la pr\u00e9sidente de la Commission avait fait l\u2019objet de cette proc\u00e9dure de la part de 75 d\u00e9put\u00e9s europ\u00e9ens, pour la plupart issus du groupe des Conservateurs et R\u00e9formistes (ECR, le groupe de Giorgia Meloni ou de Marion Mar\u00e9chal). Cette motion de censure portait notamment sur la pol\u00e9mique visant les achats de vaccins. Le Parlement de Strasbourg avait rejet\u00e9 ce texte le 10 juillet dernier par 175 voix pour, 360 contre et 18 abstentions (sur 720 \u00e9lus, au total), loin de la barre requise des deux tiers des suffrages exprim\u00e9s.<\/p>\n<p>Accusations graves<\/p>\n<p>Cette fois, la motion de censure des Patriotes, que BV s\u2019est procur\u00e9e, balaie l\u2019\u00e9cologie et l\u2019immigration mais se concentre surtout sur le fameux accord du Mercosur, redout\u00e9 non sans raisons par nos agriculteurs. Contrairement au texte de la pr\u00e9c\u00e9dente motion, celui-ci est court, tr\u00e8s structur\u00e9 et tr\u00e8s juridique. Mais il appuie l\u00e0 o\u00f9 cela fait mal. Les signataires accusent von der Leyen d\u2019\u0153uvrer tout simplement contre les int\u00e9r\u00eats des nations europ\u00e9ennes, de sacrifier le luxe, le vin et les spiritueux fran\u00e7ais \u2013 rares secteurs dans lesquels la France r\u00e9siste encore \u2013 aux int\u00e9r\u00eats de l\u2019industrie automobile allemande. Une accusation lourde, grave\u2026 et \u00e9tay\u00e9e.<\/p>\n<p>La motion fait d\u2019abord le constat, v\u00e9rifiable, de la faillite d\u2019une institution pr\u00e9sent\u00e9e jusqu\u2019\u00e0 aujourd\u2019hui comme un indispensable atout dans la mondialisation\u2026 \u00ab\u00a0Consid\u00e9rant qu&rsquo;en raison des politiques \u00e9cologiques malavis\u00e9es de la Commission europ\u00e9enne, la comp\u00e9titivit\u00e9 et la croissance \u00e9conomique europ\u00e9ennes sont en d\u00e9clin constant, que la position de l&rsquo;Europe sur le march\u00e9 mondial diminue\u00a0\u00bb, commencent les auteurs. Des \u00e9l\u00e9ments que chacun peut \u00e9tayer des chiffres officiels ou des propos d\u2019entrepreneurs comme le patron de LVMH Bernard Arnault. Apr\u00e8s les r\u00e9sultats, la motion met en cause sans gants la loyaut\u00e9 de Von der Leyen. \u00ab Ces derni\u00e8res ann\u00e9es, la Commission europ\u00e9enne a viol\u00e9 \u00e0 plusieurs reprises l&rsquo;exigence de transparence dans ses processus d\u00e9cisionnels et outrepass\u00e9 ses comp\u00e9tences, portant gravement atteinte \u00e0 la souverainet\u00e9 nationale et \u00e0 la confiance des citoyens dans l&rsquo;Union europ\u00e9enne\u00a0\u00bb, poursuit le texte. Elle accuse encore la pr\u00e9sidente de la Commission d\u2019avoir orchestr\u00e9 une trahison pure et simple des agriculteurs \u00e9leveurs fran\u00e7ais et europ\u00e9ens, assortie d\u2019un viol de la repr\u00e9sentation nationale. \u00ab\u00a0La Commission europ\u00e9enne a proc\u00e9d\u00e9 unilat\u00e9ralement \u00e0 la signature de l\u2019accord Mercosur en d\u00e9cembre 2024, ignorant l\u2019opposition forte et r\u00e9p\u00e9t\u00e9e de plusieurs parlements nationaux, de ce Parlement et des agriculteurs et \u00e9leveurs europ\u00e9ens\u00a0\u00bb. La motion met ainsi des mots sur cette politique qui finira de ruiner les vastes zones d\u00e9volues \u00e0 l\u2019\u00e9levage en France (en gros, le tr\u00e8s grand centre de la France)\u00a0par une \u00ab\u00a0concurrence d\u00e9loyale qui met en danger les moyens de subsistance de milliers d\u2019agriculteurs et d\u2019\u00e9leveurs europ\u00e9ens\u00a0\u00bb.<\/p>\n<p>\u00ab Incapacit\u00e9 persistante \u00bb<\/p>\n<p>Enfin, le texte attaque l\u2019accord sur les droits de douane conclu sans transparence avec les \u00c9tats-Unis : \u00ab Les engagements pris par la Commission demeurent vagues et ambigus \u00bb. R\u00e9sultat ? \u00ab Cet accord est contraire aux int\u00e9r\u00eats de l&rsquo;Union europ\u00e9enne et de ses citoyens \u00bb. On avait rarement r\u00e9sum\u00e9 en si peu de mots et en quelques exemples la nocivit\u00e9 du boulet europ\u00e9en. Les signataires constatent finalement \u00ab l&rsquo;incapacit\u00e9 persistante du pr\u00e9sident de la Commission europ\u00e9enne \u00e0 faire face aux d\u00e9fis les plus urgents \u00bb.<\/p>\n<p>Cette motion de censure va circuler aupr\u00e8s des parlementaires, avant un vote en octobre, lors de la session pl\u00e9ni\u00e8re. Disons-le, elle a peu de chance d\u2019emporter les deux tiers des voix n\u00e9cessaires \u00e0 la destitution de la commission et de ses hi\u00e9rarques. Mais elle mettra les points sur les i, secouera une fois de plus un pouvoir de moins en moins d\u00e9mocratique et\u2026 mettra au pied du mur le puissant PPL (centre droit) au Parlement europ\u00e9en qui compte notamment le d\u00e9put\u00e9 europ\u00e9en LR Fran\u00e7ois-Xavier Bellamy.<\/p>\n<p>                    <a href=\"#\" rel=\"nofollow\" onclick=\"window.print(); pfTrackEvent('[INFO BV] UE : une seconde motion de censure tr\u00e8s s\u00e9v\u00e8re va viser von der Leyen'); return false;\" title=\"Printer Friendly, PDF &amp; Email\"><br \/>\n                    <img decoding=\"async\" src=\"https:\/\/www.europesays.com\/fr\/wp-content\/uploads\/2025\/04\/printfriendly-icon-sm.png\" alt=\"Print Friendly, PDF &amp; Email\" class=\"pf-button-img\" style=\"width: 17px;height: 17px;\"\/>Imprimer, enregistrer en PDF cet article<br \/>\n                    <\/a><\/p>\n","protected":false},"excerpt":{"rendered":"\u00ab L\u2019Europe doit prendre son ind\u00e9pendance \u00bb, \u00ab l\u2019Europe se bat \u00bb, a lanc\u00e9 Ursula von der Leyen&hellip;\n","protected":false},"author":2,"featured_media":380940,"comment_status":"","ping_status":"","sticky":false,"template":"","format":"standard","meta":{"footnotes":""},"categories":[1586],"tags":[11,1777,674,1779,1011,27,12,25,1778,364],"class_list":{"0":"post-380939","1":"post","2":"type-post","3":"status-publish","4":"format-standard","5":"has-post-thumbnail","7":"category-europe","8":"tag-actualites","9":"tag-eu","10":"tag-europe","11":"tag-european-union","12":"tag-fr","13":"tag-france","14":"tag-news","15":"tag-republique-francaise","16":"tag-ue","17":"tag-union-europeenne"},"share_on_mastodon":{"url":"https:\/\/pubeurope.com\/@fr\/115181554617296099","error":""},"_links":{"self":[{"href":"https:\/\/www.europesays.com\/fr\/wp-json\/wp\/v2\/posts\/380939","targetHints":{"allow":["GET"]}}],"collection":[{"href":"https:\/\/www.europesays.com\/fr\/wp-json\/wp\/v2\/posts"}],"about":[{"href":"https:\/\/www.europesays.com\/fr\/wp-json\/wp\/v2\/types\/post"}],"author":[{"embeddable":true,"href":"https:\/\/www.europesays.com\/fr\/wp-json\/wp\/v2\/users\/2"}],"replies":[{"embeddable":true,"href":"https:\/\/www.europesays.com\/fr\/wp-json\/wp\/v2\/comments?post=380939"}],"version-history":[{"count":0,"href":"https:\/\/www.europesays.com\/fr\/wp-json\/wp\/v2\/posts\/380939\/revisions"}],"wp:featuredmedia":[{"embeddable":true,"href":"https:\/\/www.europesays.com\/fr\/wp-json\/wp\/v2\/media\/380940"}],"wp:attachment":[{"href":"https:\/\/www.europesays.com\/fr\/wp-json\/wp\/v2\/media?parent=380939"}],"wp:term":[{"taxonomy":"category","embeddable":true,"href":"https:\/\/www.europesays.com\/fr\/wp-json\/wp\/v2\/categories?post=380939"},{"taxonomy":"post_tag","embeddable":true,"href":"https:\/\/www.europesays.com\/fr\/wp-json\/wp\/v2\/tags?post=380939"}],"curies":[{"name":"wp","href":"https:\/\/api.w.org\/{rel}","templated":true}]}}