{"id":38094,"date":"2025-04-20T05:26:08","date_gmt":"2025-04-20T05:26:08","guid":{"rendered":"https:\/\/www.europesays.com\/fr\/38094\/"},"modified":"2025-04-20T05:26:08","modified_gmt":"2025-04-20T05:26:08","slug":"michel-boujenah-jamais-jaurais-du-y-aller-ce-voyage-que-lacteur-a-prefere-effacer-de-sa-memoire","status":"publish","type":"post","link":"https:\/\/www.europesays.com\/fr\/38094\/","title":{"rendered":"Michel Boujenah : \u00ab\u00a0Jamais j\u2019aurais d\u00fb y aller\u00a0\u00bb, ce voyage que l\u2019acteur a pr\u00e9f\u00e9r\u00e9 effacer de sa m\u00e9moire"},"content":{"rendered":"<p class=\"\" data-start=\"429\" data-end=\"917\">Invit\u00e9 par <a href=\"https:\/\/www.closermag.fr\/people\/vous-netes-pas-sur-la-liste-bernard-montiel-rejete-par-la-mere-de-son-premier-amour-3532236\" target=\"_blank\" rel=\"noopener\"><br \/>\nBernard Montiel<\/a> dans l\u2019\u00e9mission Une heure avec\u2026, <a href=\"https:\/\/www.closermag.fr\/people\/michel-boujenah-drogue-cette-addiction-surrealiste-qui-lui-gache-sa-vie-et-son-argent-1686600\" target=\"_blank\" rel=\"noopener\"><br \/>\nMichel Boujenah<\/a> a racont\u00e9 un \u00e9pisode tr\u00e8s personnel : son<br \/>\nretour dans sa maison d\u2019enfance \u00e0 Tunis. Un moment qu\u2019il aurait<br \/>\npr\u00e9f\u00e9r\u00e9 ne jamais vivre. \u00ab\u00a0La<br \/>\nderni\u00e8re fois que je suis all\u00e9 en Tunisie, c\u2019est pour tourner dans<br \/>\nun film et j\u2019avais une matin\u00e9e de libre. Je suis all\u00e9 voir ma<br \/>\nmaison de Tunis. \u00c7a a \u00e9t\u00e9 terrible. <strong>Jamais j\u2019aurais d\u00fb y<br \/>\naller<\/strong>. Il ne faut pas toucher aux souvenirs\u00a0\u00bb, a-t-il<br \/>\nconfi\u00e9, la voix charg\u00e9e d\u2019\u00e9motion.<\/p>\n<p class=\"\" data-start=\"919\" data-end=\"1302\">Ce qui devait \u00eatre une<br \/>\nparenth\u00e8se nostalgique est vite devenu un choc. \u00ab\u00a0Mais non, tu quittes un endroit quand t\u2019as<br \/>\nonze ans et que tu reviens, t\u2019en as 72\u2026 crois-moi que \u00e7a a chang\u00e9.<br \/>\n<strong>C\u2019est sacr\u00e9ment violent<\/strong>\u00ab\u00a0, a poursuivi<br \/>\nl\u2019acteur. Boulevers\u00e9 par ce qu\u2019il a vu, il a pr\u00e9f\u00e9r\u00e9 en faire table<br \/>\nrase : \u00ab\u00a0J\u2019ai d\u00e9cid\u00e9 d\u2019effacer<br \/>\nce que j\u2019ai vu de ma t\u00eate. Ah oui, ce n\u2019\u00e9tait plus chez<br \/>\nmoi.\u00a0\u00bb<\/p>\n<p><strong data-start=\"1313\" data-end=\"1372\">\u00ab\u00a0Je me suis rendu malade\u00a0\u00bb : le poids d\u2019un d\u00e9part<br \/>\nimpos\u00e9 \u00e0 Michel Boujenah<\/strong><\/p>\n<p class=\"\" data-start=\"1374\" data-end=\"1773\">N\u00e9 en 1952 \u00e0 Tunis,<br \/>\n<a href=\"https:\/\/www.closermag.fr\/people\/michel-boujenah-pourquoi-il-portait-des-couches-sur-le-tournage-de-trois-hommes-et-un-couffin-1679924#item=1\" target=\"_blank\" rel=\"noopener\"><br \/>\nMichel Boujenah<\/a> a \u00e9t\u00e9 arrach\u00e9 \u00e0 sa terre natale \u00e0 l\u2019\u00e2ge de 11<br \/>\nans, en 1963. Un d\u00e9part qu\u2019il n\u2019a ni compris ni accept\u00e9 \u00e0 l\u2019\u00e9poque.<br \/>\n\u00ab\u00a0Moi <strong>je ne voulais<br \/>\npas quitter la Tunisie<\/strong>, j\u2019ai cass\u00e9 toutes les fen\u00eatres de<br \/>\nla rue o\u00f9 j\u2019habitais avec mon lance-pierre\u00a0\u00bb, racontait-il en<br \/>\n2023 sur France 2.<br \/>\n\u00ab\u00a0C\u2019\u00e9tait ma r\u00e9volte \u00e0 moi,<br \/>\nj\u2019ai arr\u00eat\u00e9 de manger, de dormir\u2026 Je me suis rendu<br \/>\nmalade.\u00a0\u00bb<\/p>\n<p class=\"\" data-start=\"1775\" data-end=\"2136\">Le com\u00e9dien a mis des<br \/>\nann\u00e9es \u00e0 comprendre les raisons de cet exil forc\u00e9. \u00ab\u00a0Mon p\u00e8re, on lui a dit un jour : \u2018pour<br \/>\ncertains, en ce moment, tu es plus juif que Tunisien.\u2019\u00a0\u00bb Une<br \/>\nphrase qui a tout d\u00e9clench\u00e9. \u00ab\u00a0Je lui en voulais \u00e0 ce moment-l\u00e0\u2026 <strong>j\u2019en voulais<br \/>\nterriblement \u00e0 mes parents<\/strong>\u00ab\u00a0, a-t-il ajout\u00e9 avec<br \/>\nfranchise. Ce d\u00e9racinement, il le porte encore aujourd\u2019hui.<\/p>\n<p><strong data-start=\"2147\" data-end=\"2199\">Un message fort contre la<br \/>\nguerre et pour la paix<\/strong><\/p>\n<p class=\"\" data-start=\"2201\" data-end=\"2531\">Au-del\u00e0 de ses<br \/>\nsouvenirs, Michel Boujenah a profit\u00e9 de son passage sur RFM pour<br \/>\nadresser un message plus large. \u00ab\u00a0Il y a des gens qui n\u2019existent que par la guerre\u00a0\u00bb,<br \/>\na-t-il l\u00e2ch\u00e9, en \u00e9voquant la situation actuelle, et les enfants qui<br \/>\nen sont victimes. Une d\u00e9claration lucide, dans la lign\u00e9e de ses<br \/>\nengagements.<\/p>\n<p class=\"\" data-start=\"2533\" data-end=\"2904\">Il a aussi \u00e9voqu\u00e9 un<br \/>\nsouvenir plein de tendresse : sa m\u00e8re. \u00ab\u00a0Ma m\u00e8re chantait dans les \u00e9glises. Elle n\u2019\u00e9tait<br \/>\npas catholique, mais <strong>elle avait une voix qui d\u00e9passait<br \/>\ntout.<\/strong>\u00a0\u00bb Une phrase douce, comme un dernier lien avec<br \/>\nses racines tunisiennes. Malgr\u00e9 la douleur, Michel Boujenah<br \/>\ncontinue de faire vivre la m\u00e9moire de son enfance \u00e0 sa mani\u00e8re,<br \/>\navec pudeur, amour\u2026 et v\u00e9rit\u00e9.<\/p>\n","protected":false},"excerpt":{"rendered":"Invit\u00e9 par Bernard Montiel dans l\u2019\u00e9mission Une heure avec\u2026, Michel Boujenah a racont\u00e9 un \u00e9pisode tr\u00e8s personnel :&hellip;\n","protected":false},"author":2,"featured_media":38095,"comment_status":"","ping_status":"","sticky":false,"template":"","format":"standard","meta":{"footnotes":""},"categories":[1359],"tags":[548,58,10777,59,1011,27,973,974,586],"class_list":{"0":"post-38094","1":"post","2":"type-post","3":"status-publish","4":"format-standard","5":"has-post-thumbnail","7":"category-people","8":"tag-article-simple","9":"tag-divertissement","10":"tag-enfance","11":"tag-entertainment","12":"tag-fr","13":"tag-france","14":"tag-people","15":"tag-star","16":"tag-voyage"},"share_on_mastodon":{"url":"https:\/\/pubeurope.com\/@fr\/114368635445691842","error":""},"_links":{"self":[{"href":"https:\/\/www.europesays.com\/fr\/wp-json\/wp\/v2\/posts\/38094","targetHints":{"allow":["GET"]}}],"collection":[{"href":"https:\/\/www.europesays.com\/fr\/wp-json\/wp\/v2\/posts"}],"about":[{"href":"https:\/\/www.europesays.com\/fr\/wp-json\/wp\/v2\/types\/post"}],"author":[{"embeddable":true,"href":"https:\/\/www.europesays.com\/fr\/wp-json\/wp\/v2\/users\/2"}],"replies":[{"embeddable":true,"href":"https:\/\/www.europesays.com\/fr\/wp-json\/wp\/v2\/comments?post=38094"}],"version-history":[{"count":0,"href":"https:\/\/www.europesays.com\/fr\/wp-json\/wp\/v2\/posts\/38094\/revisions"}],"wp:featuredmedia":[{"embeddable":true,"href":"https:\/\/www.europesays.com\/fr\/wp-json\/wp\/v2\/media\/38095"}],"wp:attachment":[{"href":"https:\/\/www.europesays.com\/fr\/wp-json\/wp\/v2\/media?parent=38094"}],"wp:term":[{"taxonomy":"category","embeddable":true,"href":"https:\/\/www.europesays.com\/fr\/wp-json\/wp\/v2\/categories?post=38094"},{"taxonomy":"post_tag","embeddable":true,"href":"https:\/\/www.europesays.com\/fr\/wp-json\/wp\/v2\/tags?post=38094"}],"curies":[{"name":"wp","href":"https:\/\/api.w.org\/{rel}","templated":true}]}}