{"id":380942,"date":"2025-09-10T19:04:10","date_gmt":"2025-09-10T19:04:10","guid":{"rendered":"https:\/\/www.europesays.com\/fr\/380942\/"},"modified":"2025-09-10T19:04:10","modified_gmt":"2025-09-10T19:04:10","slug":"la-cour-de-cassation-a-tranche-un-salarie-malade-pendant-ses-conges-pourra-enfin-recuperer-ses-journees-perdues-bfmtv","status":"publish","type":"post","link":"https:\/\/www.europesays.com\/fr\/380942\/","title":{"rendered":"La Cour de cassation a tranch\u00e9: un salari\u00e9 malade pendant ses cong\u00e9s pourra enfin r\u00e9cup\u00e9rer ses journ\u00e9es perdues &#8211; BFMTV"},"content":{"rendered":"<ol>\n<li><a href=\"https:\/\/news.google.com\/rss\/articles\/CBMi_wFBVV95cUxQMWlrdDc5cXBGQWZjbmYzcWx0eVZwT09ka1Ixd21wRVBEcGV3MHZrTVlSMnRBZUd6YkdpVGZ2VzlHRG42NHBEWmdJN3BxZTNCZ3VBeUd2VjNSWXkwZUhsYW1yWDhxam5LOW90S29IWGdpNU9pMk5la2szTWd2anZsT2NwejJtaTQybWNjR1QyT1VwdEdTTFhfNmVRTW9CMGxpRVA1UFlFRUZHcXg0TW5VWXpUMncxbTNmTjlpd0laaEN2TDg1dWthemdBQnpUZTUyZTVaenhubE5tcjNVSlZKTi1MdE5kWndtVGo5WlFXdUMzUHFfZ2NhR0VzeEUyRW8?oc=5\" target=\"_blank\" rel=\"nofollow noopener\">La Cour de cassation a tranch\u00e9: un salari\u00e9 malade pendant ses cong\u00e9s pourra enfin r\u00e9cup\u00e9rer ses journ\u00e9es perdues<\/a>&nbsp;&nbsp;BFMTV<\/li>\n<li><a href=\"https:\/\/news.google.com\/rss\/articles\/CBMi8AFBVV95cUxPdWFmRHY5TGp4SFhWaVJJTlN3cG5OMS1HZHNzdndmN1NWYWtkNXMtRlFtemZhUkt6d1FfT1F1a1VYNTh0RHRDMkFPcmFUWGVuVWRPVjFmVWw1ak5BZmRtWGkwdXZrVmE1blhxQ1l6MjhkRGNSd1BGNm83eWRXUGV0YUNxNU8zdzlpcndNdll1eW9HemliOUlzcW81T3ByWWQ0Um1BTjgtVUQ1YUZsSFVadk1HNkpUc2lUdmRVekVEalpoakFfQTNKOExTNzIzX3ZYSlFCRGlQR3RaUHBianVOZHJ0V2xkQnZ0eUc5Y2tuSkM?oc=5\" target=\"_blank\" rel=\"nofollow noopener\">Un salari\u00e9 malade pendant ses vacances peut d\u00e9sormais les reporter, a statu\u00e9 la Cour de cassation<\/a>&nbsp;&nbsp;Le Monde.fr<\/li>\n<li><a href=\"https:\/\/news.google.com\/rss\/articles\/CBMi9gFBVV95cUxNZHZyQTctSnVHblBRa0gzT2dnbWdybU1JZ3JLcDBnVXhYMHkxUXFrQ1NvZzhkckFZcEppMXo5MW9RNkxZYkFLMENkRlp5Z0h6OGhLMm9wSi1KWE1zSFFXMzFuME12bEtPZkJoT18zT0ZQSjZGX2JxeFU2OHhyZ0N4VzdDNFdQQnFuLXpGamVLY052TExYR01PcTlFcEowV0x4MnZjcjJoWkR6R2R2bnJEbGxjdkE2YVdvT0o1UGJvN3doMzVMY0VadGQwOVdtSXVrblpkdFNnWjNRY1dQcUFwZ2NsbkpIamtmQWEwM2JteC1NNmgyamc?oc=5\" target=\"_blank\" rel=\"nofollow noopener\">En arr\u00eat maladie pendant vos cong\u00e9s pay\u00e9s : vous avez d\u00e9sormais le droit de les reporter<\/a>&nbsp;&nbsp;Le Parisien<\/li>\n<li><a href=\"https:\/\/news.google.com\/rss\/articles\/CBMi5wFBVV95cUxNcjJuQ0U2M1QzNW4zLUhBcXhPeTg5X0pUZ3FBQXFpOTE4RUFwbzZJSTY4b25wQ1ZnQmRPVl9jdnR4X0xMb1NUckg3TmVKNmdNT21fdnlDSTNBZVdKOXYzVG13Wlp5Y3V6VEdRRndvcXRGcGFRRVlpeC1QdDR2enozNlh6ZFMxX2ZVZl8yNnZYOTJnc0NSSENqZ2FSekpNLTQyZFhpV3dpRkhqQlNieU8wMU9zTjY0cFJkcGVxdXZwck5LLTZKMlN5OUNvaEgzSUhqWU93cXpnYjNxYXByVm9iZWVBV3RpdVk?oc=5\" target=\"_blank\" rel=\"nofollow noopener\">Arr\u00eats maladie, heures sup\u2026 la mise au point de la justice qui change la donne pour les entreprises<\/a>&nbsp;&nbsp;Les Echos<\/li>\n<li><a href=\"https:\/\/news.google.com\/rss\/articles\/CBMiwAJBVV95cUxPTmtGNk5kbGhxX2NUOW1UWjJSRFdoaDZEOXRhbGU4azJfOXhvZ2tlYnhfWlEwS0haNl84bEV0VlR2ZkJ2M3lUTlV0cEZKMDNzVHVVWTlzWHp2X2twR3c4ZHhYODlVS0pHeC00cFFncUQ3T2pMMWI5ZVFFUjBMVi1KV3VRRkNiMXM3TFdtTEFGdEROYjJMZ0tZa2RfbmxDVlMxVEU5VmgyTi1wLTF4OHBjVkZuamFBbG14X0JCNDVFS3B0Uk1uSF90aDhPV043RU43bUFVTlNnTXIyeWZhN1dNWnFZcmctNDNWUjVFUVpvTkhaSVV4TXVYYm5rUWtHa3pYeVZvajMzWURqeUJEcERsQ2NjRzZRQzJxZ2hIZVR5b0FxWjhuMXNHN181YU9ib0t4dExlc3RrcXRkYUJHdFBPeQ?oc=5\" target=\"_blank\" rel=\"nofollow noopener\">Un salari\u00e9 tombant malade pendant ses vacances pourra d\u00e9sormais reporter ses cong\u00e9s pay\u00e9s, tranche la Cour de cassation<\/a>&nbsp;&nbsp;France Info<\/li>\n<\/ol>\n","protected":false},"excerpt":{"rendered":"La Cour de cassation a tranch\u00e9: un salari\u00e9 malade pendant ses cong\u00e9s pourra enfin r\u00e9cup\u00e9rer ses journ\u00e9es perdues&nbsp;&nbsp;BFMTV&hellip;\n","protected":false},"author":2,"featured_media":1445,"comment_status":"","ping_status":"","sticky":false,"template":"","format":"standard","meta":{"footnotes":""},"categories":[2],"tags":[11,1011,27,12,25],"class_list":{"0":"post-380942","1":"post","2":"type-post","3":"status-publish","4":"format-standard","5":"has-post-thumbnail","7":"category-actualites","8":"tag-actualites","9":"tag-fr","10":"tag-france","11":"tag-news","12":"tag-republique-francaise"},"share_on_mastodon":{"url":"https:\/\/pubeurope.com\/@fr\/115181562445741210","error":""},"_links":{"self":[{"href":"https:\/\/www.europesays.com\/fr\/wp-json\/wp\/v2\/posts\/380942","targetHints":{"allow":["GET"]}}],"collection":[{"href":"https:\/\/www.europesays.com\/fr\/wp-json\/wp\/v2\/posts"}],"about":[{"href":"https:\/\/www.europesays.com\/fr\/wp-json\/wp\/v2\/types\/post"}],"author":[{"embeddable":true,"href":"https:\/\/www.europesays.com\/fr\/wp-json\/wp\/v2\/users\/2"}],"replies":[{"embeddable":true,"href":"https:\/\/www.europesays.com\/fr\/wp-json\/wp\/v2\/comments?post=380942"}],"version-history":[{"count":0,"href":"https:\/\/www.europesays.com\/fr\/wp-json\/wp\/v2\/posts\/380942\/revisions"}],"wp:featuredmedia":[{"embeddable":true,"href":"https:\/\/www.europesays.com\/fr\/wp-json\/wp\/v2\/media\/1445"}],"wp:attachment":[{"href":"https:\/\/www.europesays.com\/fr\/wp-json\/wp\/v2\/media?parent=380942"}],"wp:term":[{"taxonomy":"category","embeddable":true,"href":"https:\/\/www.europesays.com\/fr\/wp-json\/wp\/v2\/categories?post=380942"},{"taxonomy":"post_tag","embeddable":true,"href":"https:\/\/www.europesays.com\/fr\/wp-json\/wp\/v2\/tags?post=380942"}],"curies":[{"name":"wp","href":"https:\/\/api.w.org\/{rel}","templated":true}]}}