{"id":380943,"date":"2025-09-10T19:05:12","date_gmt":"2025-09-10T19:05:12","guid":{"rendered":"https:\/\/www.europesays.com\/fr\/380943\/"},"modified":"2025-09-10T19:05:12","modified_gmt":"2025-09-10T19:05:12","slug":"les-manifestants-face-un-dispositif-securitaire-massif-partout-en-france-liberation","status":"publish","type":"post","link":"https:\/\/www.europesays.com\/fr\/380943\/","title":{"rendered":"les manifestants face un dispositif s\u00e9curitaire massif partout en France \u2013 Lib\u00e9ration"},"content":{"rendered":"<p class=\"sc-cPiKLX AiZTS text-element\">Partout ou presque, la m\u00eame sc\u00e8ne. Des dizaines de milliers de personnes qui tentent de bloquer des routes, des gares, des lieux strat\u00e9giques, et presque toujours des forces de l\u2019ordre en nombre pour les d\u00e9loger, parfois avec violence. Le ministre de l\u2019Int\u00e9rieur d\u00e9missionnaire, <a href=\"https:\/\/www.liberation.fr\/societe\/police-justice\/face-au-mouvement-bloquons-tout-le-ministere-de-linterieur-demande-un-quadrillage-de-la-voie-publique-par-les-forces-de-lordre-20250909_B5NQXK4CLVAALNTKWVJOLJ7EZ4\/\" target=\"_blank\" rel=\"nofollow noopener\">Bruno Retailleau, avait demand\u00e9 aux pr\u00e9fets un \u00abquadrillage de l\u2019espace public\u00bb<\/a> et avait annonc\u00e9 un dispositif s\u00e9curitaire massif pour faire face au mouvement Bloquons tout, commenc\u00e9 ce mercredi 10 septembre. Il a \u00e9t\u00e9 entendu. 80 000 policiers et gendarmes ont \u00e9t\u00e9 mobilis\u00e9s sur le terrain. En fin d\u2019apr\u00e8s-midi, aucun bless\u00e9 grave n\u2019\u00e9tait signal\u00e9 mais plusieurs actions \u00e9taient toujours en cours. <\/p>\n<p class=\"sc-cPiKLX AiZTS text-element\">Dans l\u2019apr\u00e8s-midi mercredi, le minist\u00e8re de l\u2019Int\u00e9rieur d\u00e9nombrait 812 actions \u2013 dont 262 blocages \u2013 r\u00e9unissant 175 000 participants. Toujours selon la m\u00eame source, 267 incendies ont \u00e9t\u00e9 recens\u00e9s sur la voie publique. Une comptabilit\u00e9 probablement loin de refl\u00e9ter l\u2019ensemble des \u00e9v\u00e9nements survenus au cours de la journ\u00e9e partout en France. \u00abLes manifestations tendent \u00e0 prendre de l\u2019ampleur, commentait un conseiller de Bruno Retailleau. La pr\u00e9sence de nombreux militants radicaux dans les cort\u00e8ges engendre des troubles \u00e0 l\u2019ordre public.\u00bb <\/p>\n","protected":false},"excerpt":{"rendered":"Partout ou presque, la m\u00eame sc\u00e8ne. Des dizaines de milliers de personnes qui tentent de bloquer des routes,&hellip;\n","protected":false},"author":2,"featured_media":380944,"comment_status":"","ping_status":"","sticky":false,"template":"","format":"standard","meta":{"footnotes":""},"categories":[4],"tags":[11,47212,1011,27,12,25],"class_list":{"0":"post-380943","1":"post","2":"type-post","3":"status-publish","4":"format-standard","5":"has-post-thumbnail","7":"category-france","8":"tag-actualites","9":"tag-bloquons-tout","10":"tag-fr","11":"tag-france","12":"tag-news","13":"tag-republique-francaise"},"share_on_mastodon":{"url":"https:\/\/pubeurope.com\/@fr\/115181566393642780","error":""},"_links":{"self":[{"href":"https:\/\/www.europesays.com\/fr\/wp-json\/wp\/v2\/posts\/380943","targetHints":{"allow":["GET"]}}],"collection":[{"href":"https:\/\/www.europesays.com\/fr\/wp-json\/wp\/v2\/posts"}],"about":[{"href":"https:\/\/www.europesays.com\/fr\/wp-json\/wp\/v2\/types\/post"}],"author":[{"embeddable":true,"href":"https:\/\/www.europesays.com\/fr\/wp-json\/wp\/v2\/users\/2"}],"replies":[{"embeddable":true,"href":"https:\/\/www.europesays.com\/fr\/wp-json\/wp\/v2\/comments?post=380943"}],"version-history":[{"count":0,"href":"https:\/\/www.europesays.com\/fr\/wp-json\/wp\/v2\/posts\/380943\/revisions"}],"wp:featuredmedia":[{"embeddable":true,"href":"https:\/\/www.europesays.com\/fr\/wp-json\/wp\/v2\/media\/380944"}],"wp:attachment":[{"href":"https:\/\/www.europesays.com\/fr\/wp-json\/wp\/v2\/media?parent=380943"}],"wp:term":[{"taxonomy":"category","embeddable":true,"href":"https:\/\/www.europesays.com\/fr\/wp-json\/wp\/v2\/categories?post=380943"},{"taxonomy":"post_tag","embeddable":true,"href":"https:\/\/www.europesays.com\/fr\/wp-json\/wp\/v2\/tags?post=380943"}],"curies":[{"name":"wp","href":"https:\/\/api.w.org\/{rel}","templated":true}]}}