{"id":380945,"date":"2025-09-10T19:06:17","date_gmt":"2025-09-10T19:06:17","guid":{"rendered":"https:\/\/www.europesays.com\/fr\/380945\/"},"modified":"2025-09-10T19:06:17","modified_gmt":"2025-09-10T19:06:17","slug":"vers-un-tournoi-entre-les-stars-montantes-du-korn-ferry-tour-et-de-lhotelplanner-tour","status":"publish","type":"post","link":"https:\/\/www.europesays.com\/fr\/380945\/","title":{"rendered":"Vers un tournoi entre les stars montantes du Korn Ferry Tour et de l&rsquo;HotelPlanner Tour ?"},"content":{"rendered":"<p>\t\t\t\t\t\t<img width=\"770\" height=\"556\" src=\"https:\/\/www.europesays.com\/fr\/wp-content\/uploads\/2025\/09\/korn-ferry-770x556.jpg\" class=\"img-responsive wp-post-image\" alt=\"korn ferry tour\" decoding=\"async\" fetchpriority=\"high\"  \/>\t\t\t\t\t<\/p>\n<p>\t\t\t\t\t\t Partager cet article <\/p>\n<p class=\"screen-reader-text juiz_sps_maybe_hidden_text\">Partager la publication \u00ab\u00a0Vers un tournoi entre les stars montantes du Korn Ferry Tour et de l\u2019HotelPlanner Tour ?\u00a0\u00bb<\/p>\n<p><strong>Les responsables du Korn Ferry Tour et de l\u2019HotelPlanner Tour (ex Challenge Tour) seraient en discussion pour organiser une \u00e9preuve commune entre les stars montantes du golf. C\u2019est ce qu\u2019affirment nos confr\u00e8res de Bunkered. Par ailleurs, en marge du BMW PGA Championship \u00e0 Wentworth, les responsables de la deuxi\u00e8me division europ\u00e9enne discuteraient avec leurs homologues du Legends Tour.\u00a0<\/strong><\/p>\n<p><strong>H.D.<\/strong><\/p>\n<p>Les stars montantes de<strong> l\u2019HotelPlanner Tour<\/strong> auront-elles bient\u00f4t l\u2019occasion de se mesurer avec leurs homologues du<strong> Korn Ferry Tour ?<\/strong> Ce serait en tout cas la volont\u00e9 affich\u00e9e par les responsables des deux circuits, d\u2019apr\u00e8s une information r\u00e9v\u00e9l\u00e9e par nos confr\u00e8res du m\u00e9dia\u00a0 britannique bunkered.co.uk. <\/p>\n<p>Le format adopt\u00e9 pour un tel tournoi n\u2019a pas encore \u00e9t\u00e9 tranch\u00e9, pas plus que le parcours qui accueillerait l\u2019\u00e9v\u00e8nement. Pour l\u2019heure, Londres et Orlando (Floride) tiendraient la corde.\u00a0<\/p>\n<p>\t\t\t\t\t<a id=\"181417\" href=\"https:\/\/cabotbordeaux.com\/fr\/booking\/training-golf\" target=\"_blank\" rel=\"sponsorised nofollow noopener\"><img decoding=\"async\" src=\"data:image\/svg+xml,%3Csvg%20xmlns=\" http:=\"\" class=\"img-responsive\" alt=\"\" data-lazy-src=\"https:\/\/www.europesays.com\/fr\/wp-content\/uploads\/2025\/08\/cabot-e04-stage-septembre-1170x275-1.gif\"\/><\/a><br \/>\nDes discussions en coulisses \u00e0 Wentworth\u00a0<\/p>\n<p>Par ailleurs, certains joueurs de l\u2019HPP nourriraient l\u2019ambition d\u2019organiser une comp\u00e9tition entre les stars montantes et le <strong>Legends Tour<\/strong>. Des discussions ont lieu \u00e0 Wentworth, en marge du <strong>BMW PGA Championship<\/strong>.<\/p>\n<p>\u00ab Nous pourrions \u00e9galement voir les jeunes joueurs s\u2019attaquer aux l\u00e9gendes du jeu \u00bb, a d\u00e9clar\u00e9 une source anonyme \u00e0 bunkered.co.uk. Une source qui d\u00e9clare \u00e9galement que les organisateurs aimeraient trouver des diffuseurs t\u00e9l\u00e9s pour m\u00e9diatiser l\u2019\u00e9v\u00e9nement.\u00a0<\/p>\n<p>Parmi les stars pass\u00e9es par<strong> l\u2019HotelPlanner Tour<\/strong>, on trouve notamment <strong>Brooks Koepka<\/strong> (4 titres), <strong>Tommy Fleetwood<\/strong> (1 titre), <strong>Henrik Stenson<\/strong> (3 titres) ou plus r\u00e9cemment l\u2019Anglais <strong>Marco Penge<\/strong>, vainqueur de la grande finale \u00e0 Majorque en 2023 et d\u00e9sormais double vainqueur sur le <strong>DP World Tour<\/strong>, et le Danois <strong>Rasmus Neergaard-Petersen<\/strong>, triple vainqueur l\u2019ann\u00e9e derni\u00e8re et actuellement 19e de la Race to Duba\u00ef.<\/p>\n<p>\t\t\t\t\t<a id=\"172238\" href=\"https:\/\/www.proambiarritz.com\/\" target=\"_blank\" rel=\"sponsorised nofollow noopener\"><img decoding=\"async\" src=\"data:image\/svg+xml,%3Csvg%20xmlns=\" http:=\"\" class=\"img-responsive\" alt=\"\" data-lazy-src=\"https:\/\/www.europesays.com\/fr\/wp-content\/uploads\/2025\/05\/golffirst_e03-proam-biarritz-1170x275-1.gif\"\/><\/a>\t\t\t\t<\/p>\n","protected":false},"excerpt":{"rendered":"Partager cet article Partager la publication \u00ab\u00a0Vers un tournoi entre les stars montantes du Korn Ferry Tour et&hellip;\n","protected":false},"author":2,"featured_media":380946,"comment_status":"","ping_status":"","sticky":false,"template":"","format":"standard","meta":{"footnotes":""},"categories":[1418],"tags":[1011,27,1472,60],"class_list":{"0":"post-380945","1":"post","2":"type-post","3":"status-publish","4":"format-standard","5":"has-post-thumbnail","7":"category-golf","8":"tag-fr","9":"tag-france","10":"tag-golf","11":"tag-sports"},"share_on_mastodon":{"url":"https:\/\/pubeurope.com\/@fr\/115181570169176138","error":""},"_links":{"self":[{"href":"https:\/\/www.europesays.com\/fr\/wp-json\/wp\/v2\/posts\/380945","targetHints":{"allow":["GET"]}}],"collection":[{"href":"https:\/\/www.europesays.com\/fr\/wp-json\/wp\/v2\/posts"}],"about":[{"href":"https:\/\/www.europesays.com\/fr\/wp-json\/wp\/v2\/types\/post"}],"author":[{"embeddable":true,"href":"https:\/\/www.europesays.com\/fr\/wp-json\/wp\/v2\/users\/2"}],"replies":[{"embeddable":true,"href":"https:\/\/www.europesays.com\/fr\/wp-json\/wp\/v2\/comments?post=380945"}],"version-history":[{"count":0,"href":"https:\/\/www.europesays.com\/fr\/wp-json\/wp\/v2\/posts\/380945\/revisions"}],"wp:featuredmedia":[{"embeddable":true,"href":"https:\/\/www.europesays.com\/fr\/wp-json\/wp\/v2\/media\/380946"}],"wp:attachment":[{"href":"https:\/\/www.europesays.com\/fr\/wp-json\/wp\/v2\/media?parent=380945"}],"wp:term":[{"taxonomy":"category","embeddable":true,"href":"https:\/\/www.europesays.com\/fr\/wp-json\/wp\/v2\/categories?post=380945"},{"taxonomy":"post_tag","embeddable":true,"href":"https:\/\/www.europesays.com\/fr\/wp-json\/wp\/v2\/tags?post=380945"}],"curies":[{"name":"wp","href":"https:\/\/api.w.org\/{rel}","templated":true}]}}