{"id":380947,"date":"2025-09-10T19:08:10","date_gmt":"2025-09-10T19:08:10","guid":{"rendered":"https:\/\/www.europesays.com\/fr\/380947\/"},"modified":"2025-09-10T19:08:10","modified_gmt":"2025-09-10T19:08:10","slug":"toulouse-top-14-il-sait-tout-faire-leo-banos-le-monsieur-propre-du-stade-toulousain","status":"publish","type":"post","link":"https:\/\/www.europesays.com\/fr\/380947\/","title":{"rendered":"Toulouse. Top 14 \u2013 \u00ab\u00a0Il sait tout faire\u00a0\u00bb\u00a0: L\u00e9o Banos, le Monsieur Propre du Stade toulousain"},"content":{"rendered":"<p>\n                Face \u00e0 l\u2019Usap, L\u00e9o Banos devrait encha\u00eener en tant que titulaire avec le Stade toulousain. L\u2019ancien Montois marque les esprits par sa facult\u00e9 \u00e0 tout bien faire sur le pr\u00e9.\n            <\/p>\n<p>Il fait partie de ces hommes que le grand public adore sous-estimer. L\u00e9o Banos pourrait facilement \u00eatre rang\u00e9 dans la cat\u00e9gorie des \u00ab\u00a0joueurs de l\u2019ombre.\u00a0\u00bb\u00a0Comprenez par-l\u00e0, un rugbyman qui ne traverse pas le terrain et se contente des t\u00e2ches plus obscures. Ne nous trompons pas. R\u00e9sumer le style du Landais d\u2019origine de cette mani\u00e8re serait b\u00eate. <strong><a href=\"https:\/\/www.rugbyrama.fr\/2025\/09\/07\/top-14-toulouse-demonstration-de-forts-les-rouge-et-noir-font-encore-tomber-le-michelin-12916696.php\" target=\"_self\" rel=\"nofollow noopener\">Titulaire sur la pelouse de Clermont dimanche dernier<\/a><\/strong>, le flanker devrait encha\u00eener ce week-end contre l\u2019Usap. Une occasion de se montrer sous ses meilleurs jours, encore une fois. \u00ab\u00a0La concurrence \u00e0 mon poste est \u00e9norme, rappelait la semaine derni\u00e8re le principal concern\u00e9. Il faut saisir toutes les opportunit\u00e9s que le staff nous offre. Durant la saison, je sais que je vais avoir ma chance mais au bout, ce sont les meilleurs qui joueront et c\u2019est normal.\u00a0\u00bb\u00a0La saison derni\u00e8re, Banos a pris part \u00e0 la premi\u00e8re finale de Top 14 de sa jeune carri\u00e8re. Il \u00e9tait rempla\u00e7ant apr\u00e8s le forfait d\u2019Alexandre Roumat.<\/p>\n<p>Une palette compl\u00e8te<\/p>\n<p>En bon joueur moderne qu\u2019il est, l\u2019ancien Montois n\u2019a pas de gros point faible.\u00a0\u00c0 Mont-de-Marsan, c\u2019est Patrick Milhet qui l\u2019a lanc\u00e9 chez les professionnels. C\u2019\u00e9tait le 29\u00a0janvier 2021 \u00e0 Nevers. Le troisi\u00e8me ligne n\u2019avait que dix-huit ans \u00e0 l\u2019\u00e9poque. L\u2019ancien manager jaune et noir n\u2019a pas h\u00e9sit\u00e9 une seule seconde. Il raconte\u00a0: \u00ab\u00a0C\u2019est un joueur qui sait tout faire. Sur le plan offensif, L\u00e9o est capable de faire la diff\u00e9rence gr\u00e2ce \u00e0 sa qualit\u00e9 technique. Il a des mains, peut faire jouer apr\u00e8s lui et met les d\u00e9fenses en difficult\u00e9. La puissance n\u2019est pas sa qualit\u00e9 premi\u00e8re mais ce n\u2019est pas un probl\u00e8me. On ne l\u2019a jamais vu souffrir sur le plan physique.\u00a0\u00bb<\/p>\n<p>Au niveau de la t\u00eate, tout fonctionne comme il se doit\u00a0: \u00ab\u00a0Son intelligence de jeu fait d\u2019\u00e9normes diff\u00e9rences. Il est capable de lire tr\u00e8s vite des situations pour faire le bon choix.\u00a0\u00bb\u00a0Difficile de contredire ces propos tant le Toulouse nous a habitu\u00e9s \u00e0 toujours faire le geste juste. Peu d\u2019erreurs dans son jeu, et c\u2019est ce qui fait sa force.<\/p>\n<p>Des progr\u00e8s en d\u00e9fense<\/p>\n<p>Comme un mentor qui suit l\u2019\u00e9volution de son prot\u00e9g\u00e9, Patrick Milhet voit son ancien joyau dans les Landes progresser en Haute-Garonne. \u00ab\u00a0Je trouve qu\u2019il a pass\u00e9 un cap sur le plan d\u00e9fensif. Lors de ses premi\u00e8res ann\u00e9es en professionnels, il empilait les plaquages, ce n\u2019\u00e9tait pas un souci. Mais maintenant, il fait un peu plus mal aux attaquants adverses. Le voir faire de grosses interventions d\u00e9fensives n\u2019est plus surprenant.\u00a0\u00bb<\/p>\n<p>Du c\u00f4t\u00e9 d\u2019Ernest-Wallon, certains comparent le bonhomme \u00e0 un certain\u2026 Fran\u00e7ois Cros. \u00c0 premi\u00e8re vue, rien de tr\u00e8s compromettant. Autre secteur o\u00f9 il brille\u00a0: la touche. \u00ab\u00a0C\u2019est un strat\u00e8ge inn\u00e9. Un staff peut facilement s\u2019appuyer sur lui pour \u00e9tablir une strat\u00e9gie. Il peut prendre la parole. On l\u2019avait rapidement nomm\u00e9 capitaine \u00e0 Mont-de-Marsan sur quelques rencontres, et \u00e7a s\u2019\u00e9tait tr\u00e8s bien pass\u00e9.\u00a0\u00bb\u00a0Sa pr\u00e9cocit\u00e9 dans les Landes et la maturit\u00e9 d\u00e9gag\u00e9e sur le pr\u00e9 feraient presque oublier\u00a0que le flanker n\u2019a que 23 ans. Pour sa troisi\u00e8me saison chez les champions de France en titre, Banos poss\u00e8de une multitude d\u2019arguments pour engranger du temps de jeu. Il le dit lui-m\u00eame\u00a0: \u00ab\u00a0L\u2019objectif est de jouer le plus possible.\u00a0\u00bb<\/p>\n","protected":false},"excerpt":{"rendered":"Face \u00e0 l\u2019Usap, L\u00e9o Banos devrait encha\u00eener en tant que titulaire avec le Stade toulousain. L\u2019ancien Montois marque&hellip;\n","protected":false},"author":2,"featured_media":380948,"comment_status":"","ping_status":"","sticky":false,"template":"","format":"standard","meta":{"footnotes":""},"categories":[1416],"tags":[1011,27,479,1468,60],"class_list":{"0":"post-380947","1":"post","2":"type-post","3":"status-publish","4":"format-standard","5":"has-post-thumbnail","7":"category-rugby","8":"tag-fr","9":"tag-france","10":"tag-rugby","11":"tag-rugby-football","12":"tag-sports"},"share_on_mastodon":{"url":"https:\/\/pubeurope.com\/@fr\/115181578306388704","error":""},"_links":{"self":[{"href":"https:\/\/www.europesays.com\/fr\/wp-json\/wp\/v2\/posts\/380947","targetHints":{"allow":["GET"]}}],"collection":[{"href":"https:\/\/www.europesays.com\/fr\/wp-json\/wp\/v2\/posts"}],"about":[{"href":"https:\/\/www.europesays.com\/fr\/wp-json\/wp\/v2\/types\/post"}],"author":[{"embeddable":true,"href":"https:\/\/www.europesays.com\/fr\/wp-json\/wp\/v2\/users\/2"}],"replies":[{"embeddable":true,"href":"https:\/\/www.europesays.com\/fr\/wp-json\/wp\/v2\/comments?post=380947"}],"version-history":[{"count":0,"href":"https:\/\/www.europesays.com\/fr\/wp-json\/wp\/v2\/posts\/380947\/revisions"}],"wp:featuredmedia":[{"embeddable":true,"href":"https:\/\/www.europesays.com\/fr\/wp-json\/wp\/v2\/media\/380948"}],"wp:attachment":[{"href":"https:\/\/www.europesays.com\/fr\/wp-json\/wp\/v2\/media?parent=380947"}],"wp:term":[{"taxonomy":"category","embeddable":true,"href":"https:\/\/www.europesays.com\/fr\/wp-json\/wp\/v2\/categories?post=380947"},{"taxonomy":"post_tag","embeddable":true,"href":"https:\/\/www.europesays.com\/fr\/wp-json\/wp\/v2\/tags?post=380947"}],"curies":[{"name":"wp","href":"https:\/\/api.w.org\/{rel}","templated":true}]}}