{"id":380949,"date":"2025-09-10T19:09:19","date_gmt":"2025-09-10T19:09:19","guid":{"rendered":"https:\/\/www.europesays.com\/fr\/380949\/"},"modified":"2025-09-10T19:09:19","modified_gmt":"2025-09-10T19:09:19","slug":"tennis-la-lyonnaise-elsa-jacquemot-frappe-fort-a-guadalajara","status":"publish","type":"post","link":"https:\/\/www.europesays.com\/fr\/380949\/","title":{"rendered":"Tennis. La Lyonnaise Elsa Jacquemot frappe fort \u00e0 Guadalajara"},"content":{"rendered":"<p>L\u2019ann\u00e9e 2025 aura donc \u00e9t\u00e9 celle du d\u00e9clic pour <a href=\"https:\/\/www.leprogres.fr\/p\/elsa-jacquemot\" target=\"_blank\" rel=\"nofollow noopener\">Elsa Jacquemot<\/a>. <a href=\"https:\/\/www.leprogres.fr\/sport\/2020\/12\/10\/elsa-jacquemot-championne-du-monde-junior\" target=\"_blank\" rel=\"nofollow noopener\">Championne du monde juniors en 2020<\/a> apr\u00e8s avoir, notamment, remport\u00e9 Roland-Garros dans la cat\u00e9gorie, la Lyonnaise a confirm\u00e9 son potentiel cette ann\u00e9e, qu\u2019elle avait d\u00e9but\u00e9e au 159e rang mondial.<\/p>\n<p>Vainqueur d\u2019un \u00ab\u00a075\u00a0000\u00a0dollars\u00a0\u00bb en f\u00e9vrier en Pologne apr\u00e8s avoir atteint la finale \u00e0 Andr\u00e9zieux elle n\u2019a, depuis, cess\u00e9 de progresser,\u00a0<a href=\"https:\/\/www.leprogres.fr\/sport\/2025\/05\/29\/roland-garros-vers-un-duel-inedit-entre-les-lyonnaises-lois-boisson-et-elsa-jacquemot-au-3e-tour\" target=\"_blank\" rel=\"nofollow noopener\">atteignant le troisi\u00e8me tour \u00e0 Roland-Garros (d\u00e9faite contre Lo\u00efs Boisson)<\/a>, qui a 22 ans, comme elle), le deuxi\u00e8me \u00e0 Wimbledon (apr\u00e8s \u00eatre sortie des qualifications et avoir battu Magda Linette, 29e) et \u00e0 l\u2019US Open (succ\u00e8s face \u00e0 Bouzkova, 44e, d\u00e9faite en trois manches contre Fernandez, 30e) ou encore la finale \u00e0 Contrex\u00e9ville (125\u00a0000).<\/p>\n<p>Sakkari \u00e9cras\u00e9e<\/p>\n<p>Des r\u00e9sultats qui lui ont permis d\u2019atteindre son meilleur classement (83e) cette semaine, qui l\u2019a vue \u00e9craser la Grecque Maria Sakkari (55e, ex-num\u00e9ro\u00a03 mondiale) en 1h16\u2019 (6-2, 6-0, sept breaks pour douze balles de break, aucune conc\u00e9d\u00e9e sur sa mise en jeu). Sa neuvi\u00e8me victoire contre une top 100 cette saison.<\/p>\n<p>Jacquemot, qui n\u2019est plus qu\u2019\u00e0 trente-six places de <a href=\"https:\/\/www.leprogres.fr\/sport\/2025\/06\/05\/les-racines-de-lois-boisson-sont-a-lyon\" target=\"_blank\" rel=\"nofollow noopener\">Boisson<\/a> (47e), d\u00e9fiera la Belge \u00c9lise Mertens (22e), t\u00eate de s\u00e9rie num\u00e9ro\u00a01 du tournoi mexicain (WTA 500), au deuxi\u00e8me tour.<\/p>\n","protected":false},"excerpt":{"rendered":"L\u2019ann\u00e9e 2025 aura donc \u00e9t\u00e9 celle du d\u00e9clic pour Elsa Jacquemot. Championne du monde juniors en 2020 apr\u00e8s&hellip;\n","protected":false},"author":2,"featured_media":380950,"comment_status":"","ping_status":"","sticky":false,"template":"","format":"standard","meta":{"footnotes":""},"categories":[1415],"tags":[107,1011,27,517,60,1467],"class_list":{"0":"post-380949","1":"post","2":"type-post","3":"status-publish","4":"format-standard","5":"has-post-thumbnail","7":"category-tennis","8":"tag-fil-info","9":"tag-fr","10":"tag-france","11":"tag-sport","12":"tag-sports","13":"tag-tennis"},"share_on_mastodon":{"url":"https:\/\/pubeurope.com\/@fr\/115181581916705705","error":""},"_links":{"self":[{"href":"https:\/\/www.europesays.com\/fr\/wp-json\/wp\/v2\/posts\/380949","targetHints":{"allow":["GET"]}}],"collection":[{"href":"https:\/\/www.europesays.com\/fr\/wp-json\/wp\/v2\/posts"}],"about":[{"href":"https:\/\/www.europesays.com\/fr\/wp-json\/wp\/v2\/types\/post"}],"author":[{"embeddable":true,"href":"https:\/\/www.europesays.com\/fr\/wp-json\/wp\/v2\/users\/2"}],"replies":[{"embeddable":true,"href":"https:\/\/www.europesays.com\/fr\/wp-json\/wp\/v2\/comments?post=380949"}],"version-history":[{"count":0,"href":"https:\/\/www.europesays.com\/fr\/wp-json\/wp\/v2\/posts\/380949\/revisions"}],"wp:featuredmedia":[{"embeddable":true,"href":"https:\/\/www.europesays.com\/fr\/wp-json\/wp\/v2\/media\/380950"}],"wp:attachment":[{"href":"https:\/\/www.europesays.com\/fr\/wp-json\/wp\/v2\/media?parent=380949"}],"wp:term":[{"taxonomy":"category","embeddable":true,"href":"https:\/\/www.europesays.com\/fr\/wp-json\/wp\/v2\/categories?post=380949"},{"taxonomy":"post_tag","embeddable":true,"href":"https:\/\/www.europesays.com\/fr\/wp-json\/wp\/v2\/tags?post=380949"}],"curies":[{"name":"wp","href":"https:\/\/api.w.org\/{rel}","templated":true}]}}