{"id":380951,"date":"2025-09-10T19:11:17","date_gmt":"2025-09-10T19:11:17","guid":{"rendered":"https:\/\/www.europesays.com\/fr\/380951\/"},"modified":"2025-09-10T19:11:17","modified_gmt":"2025-09-10T19:11:17","slug":"miller-avoue-un-certain-soulagement-apres-sa-prolongation-avec-yamaha","status":"publish","type":"post","link":"https:\/\/www.europesays.com\/fr\/380951\/","title":{"rendered":"Miller avoue un certain soulagement apr\u00e8s sa prolongation avec Yamaha"},"content":{"rendered":"<p>Avec une longue h\u00e9sitation, Yamaha et Pramac Racing ont finalement choisi de conserver <a href=\"https:\/\/fr.motorsport.com\/driver\/jack-miller\/96423\/\" target=\"_blank\" rel=\"noopener nofollow\">Jack Miller<\/a> pour la saison 2026 de MotoGP, <a href=\"https:\/\/fr.motorsport.com\/motogp\/news\/oliveira-depart-pramac-sentais-comme-maillon-faible\/10756153\/\" rel=\"nofollow noopener\" target=\"_blank\">scellant pas la m\u00eame occasion le sort de Miguel Oliveira<\/a>. L&rsquo;Australien avait mis un coup de pression en Hongrie et obtenu gain de cause pour finalement prolonger son contrat dans la foul\u00e9e.<\/p>\n<p>Si cet accord a \u00e9t\u00e9 compliqu\u00e9 \u00e0 obtenir, Miller n&rsquo;en \u00e9tait pas moins enthousiaste \u00e0 l&rsquo;heure de le commenter, pendant le week-end de Barcelone. Arriv\u00e9 cette ann\u00e9e chez Yamaha, il assure croire \u00ab\u00a0\u00e0 100%\u00a0\u00bb dans le projet et dit toute son implication pour contribuer \u00e0 le faire avancer alors que de gros changements se profilent avec le passage \u00e0 un V4.<\/p>\n<p>\u00ab\u00a0Je suis tr\u00e8s heureux de cette nouvelle, de rester\u00a0\u00bb, a-t-il d\u00e9clar\u00e9 d\u00e8s qu&rsquo;il a retrouv\u00e9 les journalistes, en Catalogne. \u00ab\u00a0Honn\u00eatement, je ne peux m\u00eame pas expliquer \u00e0 quel point je suis heureux de continuer \u00e0 faire partie de ce projet. J&rsquo;y crois \u00e0 100% et je crois en ce qu&rsquo;ils apportent avec la nouvelle moto, les effets et l&rsquo;impact que cela va avoir.\u00a0\u00bb<\/p>\n<p>\u00ab\u00a0Je pense que \u00e7a va \u00eatre g\u00e9nial d&rsquo;en \u00eatre, de pouvoir y contribuer et d&rsquo;essayer de donner le meilleur de moi-m\u00eame. C&rsquo;est vraiment quelque chose que je veux vivre et dont je veux \u00eatre acteur, \u00e9videmment. Il s&rsquo;agit juste d&rsquo;ouvrir cette porte et ensuite, je crois que je peux faire de belles choses.\u00a0\u00bb<\/p>\n<p>   <img decoding=\"async\" draggable=\"false\" src=\"https:\/\/www.europesays.com\/fr\/wp-content\/uploads\/2025\/09\/1757531476_502_jack-miller-pramac-racing.jpg\" alt=\"Jack Miller restera chez Pramac au moins jusqu'en 2026.\" width=\"1200\" height=\"800\" loading=\"lazy\"\/> <\/p>\n<p class=\"title\">Jack Miller restera chez Pramac au moins jusqu&rsquo;en 2026.<\/p>\n<p class=\"photographer\">Photo de: Pramac Racing<\/p>\n<p>Si ses r\u00e9sultats sont rest\u00e9s relativement modestes pour le moment, Jack Miller promet de travailler dur pour les faire grimper. \u00ab\u00a0Je garde la t\u00eate dans le guidon. Je dois travailler dur pour tirer le meilleur de cette saison, et en parall\u00e8le tester les quelques \u00e9l\u00e9ments possibles sur la moto actuelle avant, \u00e9videmment, de recevoir la nouvelle moto.\u00a0\u00bb<\/p>\n<p>Pourrait-on parler d&rsquo;un poids en moins sur ses \u00e9paules, concernant cette prolongation alors qu&rsquo;on le savait en comp\u00e9tition avec son actuel co\u00e9quipier, Oliveira pour ce guidon ? \u00ab\u00a0Je ne dirais pas que c&rsquo;est un poids en moins sur mes \u00e9paules parce qu&rsquo;au final, \u00e7a reste de la course moto\u00a0\u00bb, a d&rsquo;abord r\u00e9pondu Miller, avant d&rsquo;ajouter : \u00ab\u00a0Ce n&rsquo;est pas vraiment une pression en moins non plus\u2026 Quoique, dans un sens, oui, c&rsquo;est un soulagement, parce que je veux rester ici, je veux \u00eatre comp\u00e9titif ici, et je n&rsquo;ai pas pu l&rsquo;\u00eatre autant que je l&rsquo;aurais voulu cette ann\u00e9e, en tout cas pas de fa\u00e7on r\u00e9guli\u00e8re.\u00a0\u00bb<\/p>\n<p>\u00ab\u00a0On a montr\u00e9 qu&rsquo;on avait de la vitesse par moments, sur certains circuits, mais on savait depuis le d\u00e9but qu&rsquo;avec le package actuel, il y aurait des circuits o\u00f9 nous serions plus proches de l&rsquo;avant que sur d&rsquo;autres. L&rsquo;objectif, c&rsquo;est d&rsquo;y \u00eatre plus souvent, de se battre r\u00e9guli\u00e8rement avec les gars de devant, d&rsquo;avoir au moins la possibilit\u00e9 de se battre. J&rsquo;esp\u00e8re vraiment pouvoir le faire prochainement.\u00a0\u00bb<\/p>\n<p>   <img decoding=\"async\" draggable=\"false\" src=\"https:\/\/www.europesays.com\/fr\/wp-content\/uploads\/2025\/09\/1757531477_609_jack-miller-pramac-racing.jpg\" alt=\"Jack Miller fera sa 12e saison MotoGP aux c\u00f4t\u00e9s de Toprak Razgatlioglu.\" width=\"1200\" height=\"800\" loading=\"lazy\"\/> <\/p>\n<p class=\"title\">Jack Miller fera sa 12e saison MotoGP aux c\u00f4t\u00e9s de Toprak Razgatlioglu.<\/p>\n<p class=\"photographer\">Photo de: Gold and Goose Photography \/ LAT Images \/ via Getty Images<\/p>\n<p>Avant de prolonger avec Yamaha, Jack Miller a re\u00e7u des offres plut\u00f4t all\u00e9chantes en provenance du WorldSBK et il s&rsquo;\u00e9tait m\u00eame dit\u00a0<a href=\"https:\/\/fr.motorsport.com\/motogp\/news\/miller-pret-quitter-yamaha-plus-suffisamment-patiente\/10752249\/\" rel=\"nofollow noopener\" target=\"_blank\">pr\u00eat \u00e0 quitter les Grands Prix<\/a>. Alors pourquoi avoir tent\u00e9 de convaincre le constructeur japonais de le faire rester en MotoGP ?<\/p>\n<p>\u00ab\u00a0Comme je l&rsquo;ai dit, je crois \u00e0 100% dans ce projet\u00a0\u00bb, a appuy\u00e9 l&rsquo;Australien. \u00ab\u00a0Je crois en ce que ces gars-l\u00e0 peuvent faire. C&rsquo;est vrai, il y a des motos tr\u00e8s comp\u00e9titives dans d&rsquo;autres championnats, mais j&rsquo;aime piloter une MotoGP, j&rsquo;aime rouler avec les meilleures motos face aux meilleurs pilotes.\u00a0\u00bb<\/p>\n<p>\u00ab\u00a0J&rsquo;adore le Superbike, je prends vraiment plaisir \u00e0 le regarder, mais ce n&rsquo;est pas une MotoGP. \u00c7a ne va pas aussi vite, \u00e7a ne freine pas aussi bien\u2026 La liste des choses qu&rsquo;une MotoGP peut faire est tellement longue qu&rsquo;on pourrait en parler toute la journ\u00e9e. Mais il y a juste quelque chose de sp\u00e9cial dans le fait de piloter ces monstres face \u00e0 ces fous, et \u00e7a me pla\u00eet.\u00a0\u00bb<\/p>\n<blockquote>\n<p>C&rsquo;est vrai, il y a des motos tr\u00e8s comp\u00e9titives dans d&rsquo;autres championnats, mais j&rsquo;aime piloter une MotoGP, j&rsquo;aime rouler avec les meilleures motos face aux meilleurs pilotes.<\/p>\n<\/blockquote>\n<p>\u00ab\u00a0Impatient\u00a0\u00bb de faire \u00e9quipe avec Razgatlioglu<\/p>\n<p>En juin dernier, c&rsquo;est le double champion du monde Superbike, <a href=\"https:\/\/fr.motorsport.com\/driver\/toprak-razgatlioglu\/178502\/\" rel=\"nofollow noopener\" target=\"_blank\">Toprak Razgatlioglu<\/a>, qui a \u00e9t\u00e9 officiellement en tant que pilote chez Pramac pour 2026. Miller s&rsquo;est ainsi \u00e9galement exprim\u00e9 sur sa future cohabitation avec le Turc de 28 ans.\u00a0<\/p>\n<p>\u00ab\u00a0Je pense que ce sera bien de partager le box avec Toprak. C&rsquo;est un pilote extr\u00eamement talentueux. Ce sera la premi\u00e8re fois de ma carri\u00e8re que j&rsquo;aurai un gars dans le box \u00e0 c\u00f4t\u00e9 de moi qui sait faire un stoppie meilleur que le mien. \u00c7a, c&rsquo;est d\u00e9cevant !\u00a0\u00bb, a-t-il d\u00e9clar\u00e9 en rigolant.\u00a0<\/p>\n<p>\u00ab\u00a0Mais \u00e0 part \u00e7a, je suis impatient. C&rsquo;est un super gars. \u00c0 chaque fois que j&rsquo;ai eu une interaction avec lui, \u00e7a s&rsquo;est toujours tr\u00e8s bien pass\u00e9. C&rsquo;est quelqu&rsquo;un qui, \u00e0 chaque fois qu&rsquo;il est venu dans le paddock, a toujours pris la peine de venir me dire bonjour. Et pour moi, \u00e7a en dit long sur son caract\u00e8re.\u00a0\u00bb<\/p>\n<p>Lire aussi :<\/p>\n<p>Dans cet article<\/p>\n<p>Soyez le premier inform\u00e9 et souscrivez aux alertes mails pour recevoir les infos en temps r\u00e9el<\/p>\n<p>    S&rsquo;abonner aux alertes de news<\/p>\n","protected":false},"excerpt":{"rendered":"Avec une longue h\u00e9sitation, Yamaha et Pramac Racing ont finalement choisi de conserver Jack Miller pour la saison&hellip;\n","protected":false},"author":2,"featured_media":380952,"comment_status":"","ping_status":"","sticky":false,"template":"","format":"standard","meta":{"footnotes":""},"categories":[1413],"tags":[1011,27,12836,51415,1457,1456,1458,3593,60,3796],"class_list":{"0":"post-380951","1":"post","2":"type-post","3":"status-publish","4":"format-standard","5":"has-post-thumbnail","7":"category-moto","8":"tag-fr","9":"tag-france","10":"tag-jack-miller","11":"tag-miller-avoue-un-certain-soulagement-apru00e8s-sa-prolongation-avec-yamaha","12":"tag-moto","13":"tag-motocycle","14":"tag-motogp","15":"tag-pramac-racing","16":"tag-sports","17":"tag-yamaha-factory-racing"},"share_on_mastodon":{"url":"https:\/\/pubeurope.com\/@fr\/115181590185698372","error":""},"_links":{"self":[{"href":"https:\/\/www.europesays.com\/fr\/wp-json\/wp\/v2\/posts\/380951","targetHints":{"allow":["GET"]}}],"collection":[{"href":"https:\/\/www.europesays.com\/fr\/wp-json\/wp\/v2\/posts"}],"about":[{"href":"https:\/\/www.europesays.com\/fr\/wp-json\/wp\/v2\/types\/post"}],"author":[{"embeddable":true,"href":"https:\/\/www.europesays.com\/fr\/wp-json\/wp\/v2\/users\/2"}],"replies":[{"embeddable":true,"href":"https:\/\/www.europesays.com\/fr\/wp-json\/wp\/v2\/comments?post=380951"}],"version-history":[{"count":0,"href":"https:\/\/www.europesays.com\/fr\/wp-json\/wp\/v2\/posts\/380951\/revisions"}],"wp:featuredmedia":[{"embeddable":true,"href":"https:\/\/www.europesays.com\/fr\/wp-json\/wp\/v2\/media\/380952"}],"wp:attachment":[{"href":"https:\/\/www.europesays.com\/fr\/wp-json\/wp\/v2\/media?parent=380951"}],"wp:term":[{"taxonomy":"category","embeddable":true,"href":"https:\/\/www.europesays.com\/fr\/wp-json\/wp\/v2\/categories?post=380951"},{"taxonomy":"post_tag","embeddable":true,"href":"https:\/\/www.europesays.com\/fr\/wp-json\/wp\/v2\/tags?post=380951"}],"curies":[{"name":"wp","href":"https:\/\/api.w.org\/{rel}","templated":true}]}}