{"id":380953,"date":"2025-09-10T19:12:14","date_gmt":"2025-09-10T19:12:14","guid":{"rendered":"https:\/\/www.europesays.com\/fr\/380953\/"},"modified":"2025-09-10T19:12:14","modified_gmt":"2025-09-10T19:12:14","slug":"parlons-motogp-voici-ce-que-vous-navez-pas-lu-sur-le-rachat-de-tech3","status":"publish","type":"post","link":"https:\/\/www.europesays.com\/fr\/380953\/","title":{"rendered":"Parlons MotoGP\u00a0: Voici ce que vous n\u2019avez pas lu sur le rachat de Tech3"},"content":{"rendered":"<p><strong>Le week-end dernier, nous apprenions officiellement une<br \/>\nnouvelle tr\u00e8s importante pour les sports m\u00e9caniques fran\u00e7ais\u00a0:<br \/>\nTech3, l\u2019une des plus vieilles \u00e9curies du championnat MotoGP, s\u2019est<br \/>\nfait racheter par Guenther Steiner et un groupe d\u2019investisseurs.<br \/>\nJ\u2019ai lu, depuis, beaucoup de commentaires trahissant l\u2019inqui\u00e9tude<br \/>\ng\u00e9n\u00e9rale concernant cette reprise, alors, je me disais qu\u2019il<br \/>\nfallait en faire un article. Est-ce une bonne ou une mauvaise<br \/>\nnouvelle\u00a0?<\/strong><\/p>\n<p>\u00a0<\/p>\n<p>Un changement naturel pour Tech3<\/p>\n<p>\u00a0<\/p>\n<p>Pour bien comprendre la situation, il est essentiel d\u2019\u00e9tudier<br \/>\nles acteurs de cette man\u0153uvre, et, plus pr\u00e9cis\u00e9ment, leur<br \/>\ncommunication. L\u2019homme qui nous int\u00e9resse ici, Herv\u00e9 Poncharal,<br \/>\ncofondateur de l\u2019\u00e9quipe, a donn\u00e9 de nombreuses interviews dans<br \/>\nlesquelles il a r\u00e9p\u00e9t\u00e9 plusieurs \u00e9l\u00e9ments de langage. Je pense que,<br \/>\npour l\u2019instant, il faut s\u2019y tenir, car <strong>je ne vois pas une<br \/>\nl\u00e9gende de la trempe de Poncharal laisser sa cr\u00e9ation \u00e0 n\u2019importe<br \/>\nqui<\/strong>\u00a0; nous reviendrons sur les acheteurs<br \/>\nult\u00e9rieurement.<\/p>\n<p>\u00a0<\/p>\n<p><img loading=\"lazy\" decoding=\"async\" aria-describedby=\"caption-attachment-1328205\" class=\"size-full wp-image-1328205\" src=\"https:\/\/www.europesays.com\/fr\/wp-content\/uploads\/2025\/09\/Bestia-2-1-scaled-e1757520022539.jpg\" alt=\"Tech3 MotoGP\" width=\"800\" height=\"533\"\/><\/p>\n<p id=\"caption-attachment-1328205\" class=\"wp-caption-text\">J\u2019en<br \/>\nprofite pour f\u00e9liciter Enea Bastianini, auteur d\u2019un excellent Grand<br \/>\nPrix de Catalogne. Photo : Tech3<\/p>\n<p>\u00a0<\/p>\n<p>Si l\u2019on \u00e9coute l\u2019actuel directeur de l\u2019\u00e9quipe, Tech3 gardera son<br \/>\nnom, ses employ\u00e9s, ses deux places sur la grille, et son si\u00e8ge<br \/>\nhistorique \u00e0 Bormes-les-Mimosas. Apr\u00e8s tout, on peut comprendre<br \/>\nqu\u2019apr\u00e8s toutes ces ann\u00e9es, Herv\u00e9 Poncharal veuille d\u00e9sormais<br \/>\npasser le flambeau, car, comme il l\u2019a tr\u00e8s bien rappel\u00e9, rien n\u2019est<br \/>\n\u00e9ternel. On s\u2019attache \u00e0 des \u00e9quipes en sports m\u00e9caniques, mais<br \/>\n<strong>il ne faut pas oublier que la dur\u00e9e de vie moyenne d\u2019une<br \/>\n\u00e9curie est tr\u00e8s courte\u00a0; les cas comme Tech3, LCR ou Gresini<br \/>\nsont des exceptions<\/strong>. En ce sens, cette vente est<br \/>\nparfaitement l\u00e9gitime, elle n\u2019a rien d\u2019\u00e9trange, de brusque, ou<br \/>\nd\u2019anormal.<\/p>\n<p>Rien ne m\u2019a particuli\u00e8rement alert\u00e9 dans le langage corporel<br \/>\nd\u2019Herv\u00e9 Poncharal, tr\u00e8s \u00e9mu, naturellement, au moment de passer le<br \/>\nflambeau. On le sent m\u00eame enthousiaste \u00e0 l\u2019id\u00e9e d\u2019ouvrir une<br \/>\nnouvelle page du grand livre de sa vie. <strong>Je voudrais<br \/>\nsimplement vous faire comprendre qu\u2019un rachat n\u2019est pas forc\u00e9ment<br \/>\nsynonyme de rupture avec le pass\u00e9.<\/strong><\/p>\n<p>Nous pouvons f\u00e9liciter Herv\u00e9 Poncharal, qui, comme il l\u2019a<br \/>\nsoulign\u00e9, sera aux c\u00f4t\u00e9s des nouveaux propri\u00e9taires lors de la<br \/>\nsaison 2026, et garantit aucun changement majeur jusqu\u2019\u00e0 l\u2019arriv\u00e9e<br \/>\nde la nouvelle r\u00e9glementation. Pour les plus r\u00e9ticents, je vous \u00e0<br \/>\nvous pencher sur le cas de Williams Racing en F1, nom mythique s\u2019il<br \/>\nen est, rachet\u00e9 par des Am\u00e9ricains il y a quelques ann\u00e9es aux mains<br \/>\nde la famille Williams. <strong>Et tout se passe pour le mieux<br \/>\nd\u00e9sormais<\/strong>.<\/p>\n<p>\u00a0<\/p>\n<p>Des acheteurs\u2026 surprenants<\/p>\n<p>\u00a0<\/p>\n<p>Vous l\u2019aurez compris, je suis favorable \u00e0 cette d\u00e9cision qui me<br \/>\npara\u00eet aller dans le sens de l\u2019histoire. Cependant, je dois<br \/>\nreconna\u00eetre que j\u2019\u00e9mets des r\u00e9serves concernant l\u2019identit\u00e9 des<br \/>\nnouveaux acheteurs. Vous avez peut-\u00eatre entendu parler de Guenther<br \/>\nSteiner, un italien du Sud-Tyrol notamment connu pour ses p\u00e9tages<br \/>\nde c\u00e2bles dans la s\u00e9rie Netflix Drive to Survive\u2026 mais en<br \/>\nsavez-vous davantage sur lui\u00a0? Bien s\u00fbr, je ne le connais pas<br \/>\npersonnellement, et Herv\u00e9 Poncharal himself disait qu\u2019il<br \/>\n\u00e9tait de confiance, donc, <strong>on doit le croire<\/strong>.<\/p>\n<p>\u00a0<\/p>\n<blockquote class=\"twitter-tweet\" data-width=\"550\" data-dnt=\"true\">\n<p lang=\"en\" dir=\"ltr\">An exciting new chapter begins for <a href=\"https:\/\/twitter.com\/Tech3Racing?ref_src=twsrc%5Etfw\" target=\"_blank\" rel=\"noopener\">@Tech3Racing<\/a><br \/>\n\ud83c\udd95<a href=\"https:\/\/twitter.com\/hashtag\/MotoGP?src=hash&amp;ref_src=twsrc%5Etfw\" target=\"_blank\" rel=\"noopener\">#MotoGP<\/a><br \/>\n<a href=\"https:\/\/t.co\/X93MVileam\">pic.twitter.com\/X93MVileam<\/a><\/p>\n<p>\u2014 MotoGP\u2122\ud83c\udfc1 (@MotoGP) <a href=\"https:\/\/twitter.com\/MotoGP\/status\/1963911118084010057?ref_src=twsrc%5Etfw\" target=\"_blank\" rel=\"noopener\"><br \/>\nSeptember 5, 2025<\/a><\/p>\n<\/blockquote>\n<p>\u00a0<\/p>\n<p>Mais en tant que fan de sports m\u00e9caniques depuis tr\u00e8s longtemps,<br \/>\n<strong>je me dois de vous partager mon avis concernant Steiner,<br \/>\nfutur PDG<\/strong>. Je ne m\u2019attarderai pas sur Richard Coleman, le<br \/>\nprochain directeur d\u2019\u00e9quipe et son associ\u00e9 de longue date, qui est<br \/>\nun peu l\u2019homme de l\u2019ombre dans cette affaire.<\/p>\n<p>Pour vous la faire courte, disons qu\u2019historiquement, \u00e7a ne se<br \/>\ntermine jamais bien avec Steiner. Il a commenc\u00e9 \u00e0 faire parler de<br \/>\nlui chez Jaguar, puis Red Bull Racing, suite \u00e0 l\u2019arriv\u00e9e des<br \/>\nAutrichiens en F1 au d\u00e9but des ann\u00e9es 2000. Mais rapidement, apr\u00e8s<br \/>\nla saison 2005 et le recrutement de l\u2019ing\u00e9nieur de g\u00e9nie Adrian<br \/>\nNewey, Dietrich Mateschitz, cofondateur de la marque de boissons<br \/>\n\u00e9nergisantes, l\u2019a recycl\u00e9 en NASCAR, aux \u00c9tats-Unis. \u00c9trange, apr\u00e8s<br \/>\nsi peu de temps. L\u00e0 bas, les plus passionn\u00e9s d\u2019entre-vous se<br \/>\nrappellent peut-\u00eatre des Toyota Camry bariol\u00e9es aux couleurs de Red<br \/>\nBull, notamment pilot\u00e9es par \u00ab\u00a0Ol\u2019 blue eyes\u00a0\u00bb<br \/>\n<strong>Kasey Kahne<\/strong> et <strong>Brian Vickers<\/strong>.<br \/>\nTout cela me rend nostalgique, mais revenons-en \u00e0 nos moutons.<\/p>\n<p>Steiner, team principal de cette \u00e9curie 100 % Red Bull, connut<br \/>\nun \u00e9chec cuisant caract\u00e9ris\u00e9 par des r\u00e9sultats tr\u00e8s pauvres. Fin<br \/>\n2008, moins de deux ans apr\u00e8s ses d\u00e9buts outre-Atlantique, il<br \/>\nquitta le navire. <strong>Doublement \u00e9trange, et d\u2019apr\u00e8s certaines<br \/>\nsources, l\u2019Italien serait tomb\u00e9 en disgr\u00e2ce aux yeux de Mateschitz<br \/>\n\u00e0 ce moment-l\u00e0.<\/strong><\/p>\n<p>Au milieu des ann\u00e9es 2010, il fut tr\u00e8s impliqu\u00e9 dans le retour<br \/>\nd\u2019une \u00e9curie am\u00e9ricaine en Formule 1\u00a0: Haas, par<br \/>\nl\u2019interm\u00e9diaire de Gene Haas, l\u2019une des figures du championnat<br \/>\nNASCAR. Quand Haas est arriv\u00e9 en Formule 1 d\u00e9but 2016, il \u00e9tait le<br \/>\ndirecteur de l\u2019\u00e9quipe, une aventure qui a dur\u00e9 jusqu\u2019\u00e0 la fin de la<br \/>\nsaison 2023. <strong>Arr\u00eatons-nous un instant sur cette p\u00e9riode<br \/>\ncharni\u00e8re de sa vie<\/strong>.<\/p>\n<p>Steiner, pour son deuxi\u00e8me passage en F1, a gagn\u00e9 une renomm\u00e9e<br \/>\ninternationale, mais malheureusement, ce n\u2019\u00e9tait pas gr\u00e2ce aux<br \/>\nr\u00e9sultats de ses troupes. Alors que Romain Grosjean et Kevin<br \/>\nMagnussen pataugeaient ann\u00e9e apr\u00e8s ann\u00e9e, l\u2019Italien est devenu un<br \/>\nmeme sur les r\u00e9seaux sociaux, \u00e0 force de s\u2019\u00e9nerver sur ses<br \/>\nhommes, en claquant des portes, etc. Je crois comprendre que<br \/>\nSteiner est un homme qui, a priori, aime faire parler de<br \/>\nlui, se montrer, se mettre en avant, voire en spectacle. Depuis<br \/>\n2023, il a d\u00e9j\u00e0 sorti deux livres, sign\u00e9 des contrats pour \u00eatre<br \/>\nconsultant sur plusieurs cha\u00eenes de t\u00e9l\u00e9vision \u00e0 la fois, a m\u00eame<br \/>\ndonn\u00e9 des repr\u00e9sentations au Royaume-Uni pour la sortie de son<br \/>\ndernier bouquin\u2026 <strong>de toute \u00e9vidence, \u00eatre sur le devant de<br \/>\nla sc\u00e8ne ne le d\u00e9range pas le moins du monde, bien au<br \/>\ncontraire.<\/strong><\/p>\n<p>\u00a0<\/p>\n<p><img loading=\"lazy\" decoding=\"async\" aria-describedby=\"caption-attachment-1328207\" class=\"size-full wp-image-1328207\" src=\"https:\/\/www.europesays.com\/fr\/wp-content\/uploads\/2025\/09\/Steiner-1-e1757520429195.jpg\" alt=\"Tech3 MotoGP\" width=\"800\" height=\"450\"\/><\/p>\n<p id=\"caption-attachment-1328207\" class=\"wp-caption-text\">Steiner<br \/>\na dit qu\u2019il voulait conserver l\u2019identit\u00e9 de l\u2019\u00e9quipe, ce qui est<br \/>\nune bonne chose.<\/p>\n<p>\u00a0<\/p>\n<p>En revanche, si l\u2019on s\u2019en tient \u00e0 la performance seulement,<br \/>\nc\u2019est beaucoup moins glorieux. Sous sa direction, l\u2019\u00e9quipe Haas n\u2019a<br \/>\nfait que stagner pendant de trop nombreuses ann\u00e9es. Fin 2023, les<br \/>\ndeux parties se sont s\u00e9par\u00e9es dans la douleur, puisque Steiner et<br \/>\nHaas Automation se mena\u00e7aient un temps de proc\u00e8s. Encore une fois,<br \/>\n\u00e7a se termine en eau de boudin, et, <strong>encore une fois,<br \/>\nl\u2019\u00e9curie semble retrouver une petite dynamique depuis qu\u2019il n\u2019y est<br \/>\nplus<\/strong>, entre signature de pilotes prometteurs et<br \/>\npartenariat avec Toyota Gazoo Racing. Gene Haas lui-m\u00eame \u00e9tait<br \/>\nmont\u00e9 au cr\u00e9neau en disant qu\u2019il en avait marre de voir son \u00e9curie<br \/>\nhumili\u00e9e \u00e0 chaque Grand Prix.<\/p>\n<p>\u00a0<\/p>\n<p>Conclusion<\/p>\n<p>\u00a0<\/p>\n<p>Si je ne suis pas tellement surpris par la vente de Tech3 \u00e0 ce<br \/>\nmoment de la carri\u00e8re \u2013 et de la vie \u2013 d\u2019Herv\u00e9 Poncharal, je dois<br \/>\ndire que j\u2019\u00e9mets des r\u00e9serves quant aux repreneurs. Steiner, malgr\u00e9<br \/>\n20 ans de pr\u00e9sence au plus haut niveau, <strong>ne s\u2019est jamais<br \/>\nvraiment d\u00e9marqu\u00e9 par ses r\u00e9sultats ou ses recettes<br \/>\ngagnantes<\/strong>. J\u2019esp\u00e8re simplement qu\u2019il pourra \u00eatre \u00e0 la<br \/>\nhauteur du challenge, car Tech3, d\u2019apr\u00e8s moi, est une v\u00e9ritable<br \/>\ninstitution\u00a0; \u00e0 jamais l\u2019\u00e9quipe outsider en <a href=\"https:\/\/www.motogp.com\/fr\/\" target=\"_blank\" rel=\"noopener\">MotoGP<\/a>, <strong><a href=\"https:\/\/www.paddock-gp.com\/motogp-la-mentalite-tech3\/\" target=\"_blank\" rel=\"noopener\">qui arrivait \u00e0 recruter des pilotes aussi<br \/>\ng\u00e9niaux et durs au mal les uns que les autres.<\/a><\/strong><\/p>\n<p>Certes, \u00e7a ne devrait pas r\u00e9ellement bouger en 2026, et<br \/>\npeut-\u00eatre aussi en 2027, mais qu\u2019imaginer pour la suite\u00a0?<br \/>\nSteiner et Coleman arriveront-ils, cette fois, \u00e0 imposer une vraie<br \/>\ndynamique victorieuse dans un grand championnat, ce qui n\u2019est<br \/>\nmalheureusement jamais arriv\u00e9 jusqu\u2019\u00e0 maintenant\u00a0?<br \/>\n<strong>Est-il celui qui peut ramener Tech3 vers le<br \/>\nsommet<\/strong>, c\u2019est \u00e0 dire, redevenir cette \u00e9quipe qui titillait<br \/>\nles officiels avec Olivier Jacque, Cal Crutchlow, Johann Zarco, ou<br \/>\nMiguel Oliveira\u00a0? L\u2019histoire nous apprend que <strong>l\u2019on est<br \/>\nen droit d\u2019\u00e9mettre des doutes<\/strong>, mais croyez bien que je<br \/>\nsouhaite le meilleur \u00e0 Steiner et Coleman, car, moi aussi, j\u2019ai<br \/>\nenvie de revoir cette merveilleuse entreprise tout en haut.<\/p>\n<p>Je suis tr\u00e8s curieux d\u2019avoir votre avis sur le rachat de Tech3,<br \/>\nla premi\u00e8re grosse man\u0153uvre \u00e0 l\u2019\u00e8re Liberty Media.<br \/>\n<strong>Dites-le-moi en commentaires\u00a0!<\/strong><\/p>\n<p>Pour rappel, cet article ne refl\u00e8te que la pens\u00e9e de son auteur,<br \/>\net pas de l\u2019enti\u00e8ret\u00e9 de la r\u00e9daction.<\/p>\n<p>\u00a0<\/p>\n<p><img loading=\"lazy\" decoding=\"async\" aria-describedby=\"caption-attachment-1328210\" class=\"size-full wp-image-1328210\" src=\"https:\/\/www.europesays.com\/fr\/wp-content\/uploads\/2025\/09\/Bestia-1.jpg\" alt=\"\" width=\"799\" height=\"533\"  \/><\/p>\n<p id=\"caption-attachment-1328210\" class=\"wp-caption-text\">Le fonds<br \/>\nd\u2019investissement Apex (dont fait partie, entre autres, Lando<br \/>\nNorris), aurait d\u00e9bours\u00e9 environ 20 millions d\u2019euros pour racheter<br \/>\nTech3. Photo : Michelin Motorsport<\/p>\n<p><script async src=\"https:\/\/platform.twitter.com\/widgets.js\" charset=\"utf-8\"><\/script><\/p>\n","protected":false},"excerpt":{"rendered":"Le week-end dernier, nous apprenions officiellement une nouvelle tr\u00e8s importante pour les sports m\u00e9caniques fran\u00e7ais\u00a0: Tech3, l\u2019une des&hellip;\n","protected":false},"author":2,"featured_media":380954,"comment_status":"","ping_status":"","sticky":false,"template":"","format":"standard","meta":{"footnotes":""},"categories":[1412],"tags":[1451,1452,1453,1454,1455,1011,27,60],"class_list":{"0":"post-380953","1":"post","2":"type-post","3":"status-publish","4":"format-standard","5":"has-post-thumbnail","7":"category-f1","8":"tag-f1","9":"tag-formula-1","10":"tag-formula1","11":"tag-formule-1","12":"tag-formule1","13":"tag-fr","14":"tag-france","15":"tag-sports"},"share_on_mastodon":{"url":"https:\/\/pubeurope.com\/@fr\/115181593894534995","error":""},"_links":{"self":[{"href":"https:\/\/www.europesays.com\/fr\/wp-json\/wp\/v2\/posts\/380953","targetHints":{"allow":["GET"]}}],"collection":[{"href":"https:\/\/www.europesays.com\/fr\/wp-json\/wp\/v2\/posts"}],"about":[{"href":"https:\/\/www.europesays.com\/fr\/wp-json\/wp\/v2\/types\/post"}],"author":[{"embeddable":true,"href":"https:\/\/www.europesays.com\/fr\/wp-json\/wp\/v2\/users\/2"}],"replies":[{"embeddable":true,"href":"https:\/\/www.europesays.com\/fr\/wp-json\/wp\/v2\/comments?post=380953"}],"version-history":[{"count":0,"href":"https:\/\/www.europesays.com\/fr\/wp-json\/wp\/v2\/posts\/380953\/revisions"}],"wp:featuredmedia":[{"embeddable":true,"href":"https:\/\/www.europesays.com\/fr\/wp-json\/wp\/v2\/media\/380954"}],"wp:attachment":[{"href":"https:\/\/www.europesays.com\/fr\/wp-json\/wp\/v2\/media?parent=380953"}],"wp:term":[{"taxonomy":"category","embeddable":true,"href":"https:\/\/www.europesays.com\/fr\/wp-json\/wp\/v2\/categories?post=380953"},{"taxonomy":"post_tag","embeddable":true,"href":"https:\/\/www.europesays.com\/fr\/wp-json\/wp\/v2\/tags?post=380953"}],"curies":[{"name":"wp","href":"https:\/\/api.w.org\/{rel}","templated":true}]}}