{"id":380959,"date":"2025-09-10T19:15:13","date_gmt":"2025-09-10T19:15:13","guid":{"rendered":"https:\/\/www.europesays.com\/fr\/380959\/"},"modified":"2025-09-10T19:15:13","modified_gmt":"2025-09-10T19:15:13","slug":"melanie-thierry-ana-girardot-rebecca-marder-en-images-les-stars-celebrent-les-45-ans-de-madame-figaro","status":"publish","type":"post","link":"https:\/\/www.europesays.com\/fr\/380959\/","title":{"rendered":"M\u00e9lanie Thierry, Ana Girardot, Rebecca Marder&#8230; En images, les stars c\u00e9l\u00e8brent les 45 ans de Madame Figaro"},"content":{"rendered":"<p>C\u2019est \u00e0 l\u2019h\u00f4tel de Crillon que le monde de la mode et du cin\u00e9ma s\u2019est donn\u00e9 rendez-vous pour f\u00eater le quarante-cinqui\u00e8me anniversaire du magazine.<\/p>\n<p class=\"fig-paragraph\">Alors que la lumi\u00e8re baissait doucement, ses reflets changeant sur la mythique place de la Concorde,<a href=\"https:\/\/madame.lefigaro.fr\/cuisine\/brasserie-daumont-cuisine-parisienne-au-coeur-de-lhotel-crillon-270318-148003\" data-fig-type=\"Article\" data-gtm-custom-categorie=\"navigation\" data-gtm-custom-action=\"crossclick\" data-gtm-custom-label=\"Contextuel\" data-gtm-event=\"customEventSPE\" data-fig-domain=\"MADAME\" target=\"_blank\" rel=\"noopener\">\u00a0les salons de l\u2019h\u00f4tel Crillon<\/a>, dont la d\u00e9coration florale \u00e9tait, pour l\u2019occasion, r\u00e9alis\u00e9e par la Maison Camille Chouraqui, se sont tr\u00e8s vite remplis. Les invit\u00e9s prestigieux, comme les actrices M\u00e9lanie Thierry, Anamaria Vartolomei ou Rebecca Marder, le danseur L\u00e9o Walk, la photographe Ellen Von Unwerth, la chanteuse Jeanne Cherhal ou encore la cr\u00e9atrice Vanessa Bruno, \u00e9taient r\u00e9unis pour c\u00e9l\u00e9brer les 45 ans de Madame Figaro. En cette rentr\u00e9e, le magazine a mis \u00e0 l\u2019honneur son histoire, en affichant ses couvertures les plus mythiques pendant un cocktail \u00e0 l\u2019ambiance chaleureuse \u00e0 d\u00e9couvrir d\u00e8s maintenant en photo.<\/p>\n","protected":false},"excerpt":{"rendered":"C\u2019est \u00e0 l\u2019h\u00f4tel de Crillon que le monde de la mode et du cin\u00e9ma s\u2019est donn\u00e9 rendez-vous pour&hellip;\n","protected":false},"author":2,"featured_media":380960,"comment_status":"","ping_status":"","sticky":false,"template":"","format":"standard","meta":{"footnotes":""},"categories":[1359],"tags":[58,59,1011,27,29228,985,973,16335],"class_list":{"0":"post-380959","1":"post","2":"type-post","3":"status-publish","4":"format-standard","5":"has-post-thumbnail","7":"category-people","8":"tag-divertissement","9":"tag-entertainment","10":"tag-fr","11":"tag-france","12":"tag-madame-figaro","13":"tag-mode","14":"tag-people","15":"tag-soirees"},"share_on_mastodon":{"url":"https:\/\/pubeurope.com\/@fr\/115181605629986609","error":""},"_links":{"self":[{"href":"https:\/\/www.europesays.com\/fr\/wp-json\/wp\/v2\/posts\/380959","targetHints":{"allow":["GET"]}}],"collection":[{"href":"https:\/\/www.europesays.com\/fr\/wp-json\/wp\/v2\/posts"}],"about":[{"href":"https:\/\/www.europesays.com\/fr\/wp-json\/wp\/v2\/types\/post"}],"author":[{"embeddable":true,"href":"https:\/\/www.europesays.com\/fr\/wp-json\/wp\/v2\/users\/2"}],"replies":[{"embeddable":true,"href":"https:\/\/www.europesays.com\/fr\/wp-json\/wp\/v2\/comments?post=380959"}],"version-history":[{"count":0,"href":"https:\/\/www.europesays.com\/fr\/wp-json\/wp\/v2\/posts\/380959\/revisions"}],"wp:featuredmedia":[{"embeddable":true,"href":"https:\/\/www.europesays.com\/fr\/wp-json\/wp\/v2\/media\/380960"}],"wp:attachment":[{"href":"https:\/\/www.europesays.com\/fr\/wp-json\/wp\/v2\/media?parent=380959"}],"wp:term":[{"taxonomy":"category","embeddable":true,"href":"https:\/\/www.europesays.com\/fr\/wp-json\/wp\/v2\/categories?post=380959"},{"taxonomy":"post_tag","embeddable":true,"href":"https:\/\/www.europesays.com\/fr\/wp-json\/wp\/v2\/tags?post=380959"}],"curies":[{"name":"wp","href":"https:\/\/api.w.org\/{rel}","templated":true}]}}